{"id":12724,"date":"2020-01-15T12:49:28","date_gmt":"2020-01-15T15:49:28","guid":{"rendered":"https:\/\/blogs.correiobraziliense.com.br\/vicente\/?p=12724"},"modified":"2020-01-15T13:05:29","modified_gmt":"2020-01-15T16:05:29","slug":"reajustes-da-gasolina-se-disseminam-pelo-distrito-federal","status":"publish","type":"post","link":"https:\/\/blogs.correiobraziliense.com.br\/vicente\/reajustes-da-gasolina-se-disseminam-pelo-distrito-federal\/","title":{"rendered":"Reajustes da gasolina se disseminam pelo Distrito Federal"},"content":{"rendered":"<h2>O movimento de alta dos pre\u00e7os da gasolina se disseminou pelo Distrito Federal. Praticamente todos os postos aumentaram o valor nas bombas, mesmo com a Petrobras tendo anunciado redu\u00e7\u00e3o de 3% nos pre\u00e7os dos combust\u00edveis nas refinarias.<\/h2>\n<p>&nbsp;<\/p>\n<p>Segundo gerente de postos, a ordem foi para mexer nas bombas e mudar os pre\u00e7os para cima. N\u00e3o h\u00e1, segundo eles, nenhuma perspectiva de os postos repassarem a redu\u00e7\u00e3o anunciada pela Petrobras aos consumidores. A grande maioria dos postos est\u00e1 cobrando R$ 4,599 pelo litro da gasolina.<\/p>\n<p>&nbsp;<\/p>\n<p>Entre os gerentes, o que se diz \u00e9 que a Petrobras &#8220;jogou para a plateia&#8221; quando anunciou a redu\u00e7\u00e3o de pre\u00e7os. Esse movimento, destacam os gerentes, ocorreu apenas para agradar o presidente Jair Bolsonaro, que se alarmou diante da possibilidade de as cota\u00e7\u00f5es do petr\u00f3leo dispararem no exterior por causa do conflito entre Ir\u00e3 e Estados Unidos.<\/p>\n<p>&nbsp;<\/p>\n<p>Na m\u00e9dia, os pre\u00e7os da gasolina subiram R$ 0,20 por litro em dois dias. &#8220;\u00c9 muito&#8221;, reclama Augusto Antonio, 29 anos, motorista de uma empresa de aplicativos. &#8220;Estava apostando que os pre\u00e7os da gasolina cairiam depois do an\u00fancio da Petrobras, mas os postos fizeram exatamente o contr\u00e1rio&#8221;, frisa.<\/p>\n<p>&nbsp;<\/p>\n<p><strong>Queixas<\/strong><\/p>\n<p>&nbsp;<\/p>\n<p>Muita gente est\u00e1 chegando aos postos e, em vez de encher o tanque do carro, est\u00e1 colocando uma pequena quantia de gasolina. &#8220;Quero ver at\u00e9 onde vai esse movimento de alta de pre\u00e7os. Vai que, amanh\u00e3, a gasolina volta a ficar mais barata&#8221;, destaca a servidora p\u00fablica Lu\u00edza Salles, 27.<\/p>\n<p>&nbsp;<\/p>\n<p>A Petrobras garante que tem liberdade para praticar os pre\u00e7os que quiser para os combust\u00edveis. Mas, durante os momentos mais cr\u00edticos da crise entre o Ir\u00e3 e os Estados Unidos, Bolsonaro chamou o presidente da estatal, Roberto Castello Branco, para Bras\u00edlia, a fim de prestar contas.<\/p>\n<p>&nbsp;<\/p>\n<p>Curiosamente, dias depois, a Petrobras anunciou queda nos pre\u00e7os. Os postos n\u00e3o encamparam a redu\u00e7\u00e3o. E est\u00e3o avan\u00e7ando sobre o bolso dos consumidores.<\/p>\n<p>&nbsp;<\/p>\n<p><em>Bras\u00edlia, 12h49min<\/em><\/p>\n","protected":false},"excerpt":{"rendered":"<p>O movimento de alta dos pre\u00e7os da gasolina se disseminou pelo Distrito Federal. Praticamente todos os postos aumentaram o valor nas bombas, mesmo com a Petrobras tendo anunciado redu\u00e7\u00e3o de 3% nos pre\u00e7os dos combust\u00edveis nas refinarias. &nbsp; Segundo gerente de postos, a ordem foi para mexer nas bombas e mudar os pre\u00e7os para cima. [&hellip;]<\/p>\n","protected":false},"author":22,"featured_media":12590,"comment_status":"open","ping_status":"closed","sticky":false,"template":"","format":"standard","meta":{"footnotes":""},"categories":[600],"tags":[850,4376,755,268,228,390],"class_list":["post-12724","post","type-post","status-publish","format-standard","has-post-thumbnail","hentry","category-economia","tag-alta","tag-disseminada","tag-distrito-federal","tag-gasolina","tag-petrobras","tag-precos"],"_links":{"self":[{"href":"https:\/\/blogs.correiobraziliense.com.br\/vicente\/wp-json\/wp\/v2\/posts\/12724","targetHints":{"allow":["GET"]}}],"collection":[{"href":"https:\/\/blogs.correiobraziliense.com.br\/vicente\/wp-json\/wp\/v2\/posts"}],"about":[{"href":"https:\/\/blogs.correiobraziliense.com.br\/vicente\/wp-json\/wp\/v2\/types\/post"}],"author":[{"embeddable":true,"href":"https:\/\/blogs.correiobraziliense.com.br\/vicente\/wp-json\/wp\/v2\/users\/22"}],"replies":[{"embeddable":true,"href":"https:\/\/blogs.correiobraziliense.com.br\/vicente\/wp-json\/wp\/v2\/comments?post=12724"}],"version-history":[{"count":1,"href":"https:\/\/blogs.correiobraziliense.com.br\/vicente\/wp-json\/wp\/v2\/posts\/12724\/revisions"}],"predecessor-version":[{"id":12727,"href":"https:\/\/blogs.correiobraziliense.com.br\/vicente\/wp-json\/wp\/v2\/posts\/12724\/revisions\/12727"}],"wp:featuredmedia":[{"embeddable":true,"href":"https:\/\/blogs.correiobraziliense.com.br\/vicente\/wp-json\/wp\/v2\/media\/12590"}],"wp:attachment":[{"href":"https:\/\/blogs.correiobraziliense.com.br\/vicente\/wp-json\/wp\/v2\/media?parent=12724"}],"wp:term":[{"taxonomy":"category","embeddable":true,"href":"https:\/\/blogs.correiobraziliense.com.br\/vicente\/wp-json\/wp\/v2\/categories?post=12724"},{"taxonomy":"post_tag","embeddable":true,"href":"https:\/\/blogs.correiobraziliense.com.br\/vicente\/wp-json\/wp\/v2\/tags?post=12724"}],"curies":[{"name":"wp","href":"https:\/\/api.w.org\/{rel}","templated":true}]}}