{"id":12715,"date":"2020-01-14T19:08:45","date_gmt":"2020-01-14T22:08:45","guid":{"rendered":"https:\/\/blogs.correiobraziliense.com.br\/vicente\/?p=12715"},"modified":"2020-01-14T19:12:48","modified_gmt":"2020-01-14T22:12:48","slug":"diferenca-de-r-6-no-salario-minimo-correspondera-ao-valor-de-um-botijao-de-gas-em-um-ano","status":"publish","type":"post","link":"https:\/\/blogs.correiobraziliense.com.br\/vicente\/diferenca-de-r-6-no-salario-minimo-correspondera-ao-valor-de-um-botijao-de-gas-em-um-ano\/","title":{"rendered":"Diferen\u00e7a de R$ 6 no sal\u00e1rio m\u00ednimo corresponder\u00e1 ao valor de um botij\u00e3o de g\u00e1s em um ano"},"content":{"rendered":"<h2>CL\u00c1UDIA DIANNI<\/h2>\n<h2><\/h2>\n<h2>O presidente Jair Bolsonaro correu para dar um aumento adicional de R$ 6 ao sal\u00e1rio m\u00ednimo, de R$ 1.039 para R$ 1.045, temendo desgaste ainda maior na imagem do governo. Mas os R$ 6, ao longo de um ano, corresponder\u00e3o a R$ 78, o valor de um botij\u00e3o de g\u00e1s.<\/h2>\n<p>&nbsp;<\/p>\n<p>Dentro do governo, admite-se que a economia que se tentou fazer foi uma &#8220;mesquinharia&#8221; contra os mais pobres. N\u00e3o por acaso, a popularidade do governo \u00e9 baixa nas regi\u00f5es onde se concentram os trabalhadores que ganham menos, como no Nordeste.<\/p>\n<p>&nbsp;<\/p>\n<p>T\u00e9cnicos da equipe econ\u00f4mica ressaltam, por\u00e9m, que qualquer economia \u00e9 bem-vinda dentro do governo, pois as contas p\u00fablicas ainda est\u00e3o em situa\u00e7\u00e3o dif\u00edcil. Os R$ 6 a mais no m\u00ednimo representar\u00e3o gasto adicional de R$ 2,3 bilh\u00f5es ao ano para a Previd\u00eancia Social.<\/p>\n<p>&nbsp;<\/p>\n<p><strong>Cr\u00edticas<\/strong><\/p>\n<p>&nbsp;<\/p>\n<p>A ala pol\u00edtica do Planalto, que acompanha as pesquisas de popularidade do governo, acredita que n\u00e3o havia necessidade de a equipe de Paulo Guedes ter sido t\u00e3o dura. &#8220;\u00c9 incr\u00edvel, bastou o presidente apertar o ministro da Economia para logo aparecer os recursos que garantir\u00e3o um sal\u00e1rio m\u00ednimo maior&#8221;, diz um assessor pr\u00f3ximo de Bolsonaro.<\/p>\n<p>&nbsp;<\/p>\n<p>No que depender da ala pol\u00edtica do Planalto, o desgaste na imagem do governo por causa do aumento do sal\u00e1rio m\u00ednimo abaixo da infla\u00e7\u00e3o vai custar caro \u00e0 equipe do ministro da Economia. &#8220;Se os t\u00e9cnicos n\u00e3o conseguem ter a vis\u00e3o pol\u00edtica, para isso temos uma ministro na pasta&#8221;, ressalta o assessor. &#8220;N\u00e3o d\u00e1 para ficar queimando o governo.&#8221;<\/p>\n<p>&nbsp;<\/p>\n<p><em>Bras\u00edlia, 18h38min<\/em><\/p>\n","protected":false},"excerpt":{"rendered":"<p>CL\u00c1UDIA DIANNI O presidente Jair Bolsonaro correu para dar um aumento adicional de R$ 6 ao sal\u00e1rio m\u00ednimo, de R$ 1.039 para R$ 1.045, temendo desgaste ainda maior na imagem do governo. Mas os R$ 6, ao longo de um ano, corresponder\u00e3o a R$ 78, o valor de um botij\u00e3o de g\u00e1s. &nbsp; Dentro do [&hellip;]<\/p>\n","protected":false},"author":22,"featured_media":12663,"comment_status":"open","ping_status":"closed","sticky":false,"template":"","format":"standard","meta":{"footnotes":""},"categories":[600],"tags":[133,2554,3817,3816,1152],"class_list":["post-12715","post","type-post","status-publish","format-standard","has-post-thumbnail","hentry","category-economia","tag-aumento","tag-bolsonaro","tag-botijao","tag-gas","tag-salario-minimo"],"_links":{"self":[{"href":"https:\/\/blogs.correiobraziliense.com.br\/vicente\/wp-json\/wp\/v2\/posts\/12715","targetHints":{"allow":["GET"]}}],"collection":[{"href":"https:\/\/blogs.correiobraziliense.com.br\/vicente\/wp-json\/wp\/v2\/posts"}],"about":[{"href":"https:\/\/blogs.correiobraziliense.com.br\/vicente\/wp-json\/wp\/v2\/types\/post"}],"author":[{"embeddable":true,"href":"https:\/\/blogs.correiobraziliense.com.br\/vicente\/wp-json\/wp\/v2\/users\/22"}],"replies":[{"embeddable":true,"href":"https:\/\/blogs.correiobraziliense.com.br\/vicente\/wp-json\/wp\/v2\/comments?post=12715"}],"version-history":[{"count":2,"href":"https:\/\/blogs.correiobraziliense.com.br\/vicente\/wp-json\/wp\/v2\/posts\/12715\/revisions"}],"predecessor-version":[{"id":12719,"href":"https:\/\/blogs.correiobraziliense.com.br\/vicente\/wp-json\/wp\/v2\/posts\/12715\/revisions\/12719"}],"wp:featuredmedia":[{"embeddable":true,"href":"https:\/\/blogs.correiobraziliense.com.br\/vicente\/wp-json\/wp\/v2\/media\/12663"}],"wp:attachment":[{"href":"https:\/\/blogs.correiobraziliense.com.br\/vicente\/wp-json\/wp\/v2\/media?parent=12715"}],"wp:term":[{"taxonomy":"category","embeddable":true,"href":"https:\/\/blogs.correiobraziliense.com.br\/vicente\/wp-json\/wp\/v2\/categories?post=12715"},{"taxonomy":"post_tag","embeddable":true,"href":"https:\/\/blogs.correiobraziliense.com.br\/vicente\/wp-json\/wp\/v2\/tags?post=12715"}],"curies":[{"name":"wp","href":"https:\/\/api.w.org\/{rel}","templated":true}]}}