{"id":12697,"date":"2020-01-14T17:13:22","date_gmt":"2020-01-14T20:13:22","guid":{"rendered":"https:\/\/blogs.correiobraziliense.com.br\/vicente\/?p=12697"},"modified":"2020-01-14T18:33:29","modified_gmt":"2020-01-14T21:33:29","slug":"privatizacao-dos-correios-so-em-2021-diz-salim-mattar","status":"publish","type":"post","link":"https:\/\/blogs.correiobraziliense.com.br\/vicente\/privatizacao-dos-correios-so-em-2021-diz-salim-mattar\/","title":{"rendered":"\u201cPrivatiza\u00e7\u00e3o dos Correios s\u00f3 em 2021\u201d, diz Salim Mattar"},"content":{"rendered":"<h2><span style=\"font-weight: 400\">ROSANA HESSEL<\/span><\/h2>\n<h2><\/h2>\n<h2><span style=\"font-weight: 400\">O secret\u00e1rio de Desestatiza\u00e7\u00e3o, Desinvestimento e Mercados do Minist\u00e9rio da Economia, Salim Mattar, n\u00e3o v\u00ea espa\u00e7o para a privatiza\u00e7\u00e3o dos Correios em 2020, apesar de a estatal ter sido inclu\u00edda no Programa de Parcerias de Investimentos (PPI) do governo federal em agosto do ano passado, porque deve &#8220;dar mais trabalho&#8221;. Por conta disso, a venda da companhia s\u00f3 dever\u00e1 ocorrer no fim de 2021.<\/span><\/h2>\n<p>&nbsp;<\/p>\n<p><span style=\"font-weight: 400\">Ele descartou qualquer chance de a empresa ser liquidada.\u00a0<\/span><span style=\"font-weight: 400\">\u201cLiquida\u00e7\u00e3o \u00e9 uma das \u00faltimas op\u00e7\u00f5es. A empresa tem ativos que valem. Uma liquida\u00e7\u00e3o est\u00e1 fora de cogita\u00e7\u00e3o\u201d, afirmou Salim nesta ter\u00e7a-feira (14\/01), durante balan\u00e7o das atividades da sua secretaria em 2019.<\/span><\/p>\n<p>&nbsp;<\/p>\n<p><span style=\"font-weight: 400\">De acordo com o secret\u00e1rio, est\u00e1 sendo contratada uma consultoria para avaliar as alternativas do modelo de privatiza\u00e7\u00e3o dos Correios e, por conta disso, dificilmente a venda da companhia ocorrer\u00e1 neste ano. <\/span><\/p>\n<p>&nbsp;<\/p>\n<p><span style=\"font-weight: 400\">\u201cA empresa tem uma complexidade muito grande, tem um monop\u00f3lio estatal e a quest\u00e3o da universalidade da entrega da carta (que est\u00e1 prevista na Constitui\u00e7\u00e3o Federal), tem mais de 100 mil funcion\u00e1rios. Por isso, os Correios v\u00e3o dar um pouco mais de trabalho\u201d, destacou Salim.<\/span><\/p>\n<p>&nbsp;<\/p>\n<p><strong>Depend\u00eancia<\/strong><\/p>\n<p>&nbsp;<\/p>\n<p><span style=\"font-weight: 400\">Os Correios est\u00e3o entre as quatro empresas listadas por Salim que precisam de Proposta de Emenda \u00e0 Constitui\u00e7\u00e3o (PEC) ou projeto de lei para serem desestatizadas. As outras tr\u00eas s\u00e3o: Eletrobras (que j\u00e1 tem um projeto de capitaliza\u00e7\u00e3o, mas que est\u00e1 parado no Congresso), Casa da Moeda e Hemobr\u00e1s.<\/span><\/p>\n<p>&nbsp;<\/p>\n<p><span style=\"font-weight: 400\">Com o objetivo de acelerar tanto o processo de de desestatiza\u00e7\u00e3o, o secret\u00e1rio adiantou que enviar\u00e1 ao Legislativo em fevereiro, quando acabar o recesso, um projeto de lei para implementar o \u201cfast track\u201d, ou linha r\u00e1pida, para as privatiza\u00e7\u00f5es. <\/span><\/p>\n<p>&nbsp;<\/p>\n<p><span style=\"font-weight: 400\">A meta deste ano \u00e9 arrecadar R$ 150 bilh\u00f5es com a desestatiza\u00e7\u00e3o ou desinvestimento em 300 empresas, entre controladas, subsidi\u00e1rias, coligadas e simples participa\u00e7\u00e3o. Nessa lista, n\u00e3o est\u00e3o inclu\u00eddas Petrobras, Caixa Econ\u00f4mica Federal, Banco do Brasil, Banco da Amaz\u00f4nia S.A. (Basa) e Banco do Nordeste. <\/span><\/p>\n<p>&nbsp;<\/p>\n<p><span style=\"font-weight: 400\">Em 2019, foram arrecadados R$ 105,4 bilh\u00f5es com as desestatiza\u00e7\u00f5es e desinvestimentos de 71 companhias, segundo informa\u00e7\u00f5es do secret\u00e1rio. Entre elas, est\u00e1 a CorreiosPar, que foi liquidada no fim do ano passado.<\/span><\/p>\n<p>&nbsp;<\/p>\n<p><em>Bras\u00edlia, 17h13min<\/em><\/p>\n","protected":false},"excerpt":{"rendered":"<p>ROSANA HESSEL O secret\u00e1rio de Desestatiza\u00e7\u00e3o, Desinvestimento e Mercados do Minist\u00e9rio da Economia, Salim Mattar, n\u00e3o v\u00ea espa\u00e7o para a privatiza\u00e7\u00e3o dos Correios em 2020, apesar de a estatal ter sido inclu\u00edda no Programa de Parcerias de Investimentos (PPI) do governo federal em agosto do ano passado, porque deve &#8220;dar mais trabalho&#8221;. Por conta disso, [&hellip;]<\/p>\n","protected":false},"author":22,"featured_media":12714,"comment_status":"open","ping_status":"closed","sticky":false,"template":"","format":"standard","meta":{"footnotes":""},"categories":[600],"tags":[1363,177,540,4373,3978],"class_list":["post-12697","post","type-post","status-publish","format-standard","has-post-thumbnail","hentry","category-economia","tag-correios","tag-estatais","tag-privatizacao","tag-salim","tag-salim-mattar"],"_links":{"self":[{"href":"https:\/\/blogs.correiobraziliense.com.br\/vicente\/wp-json\/wp\/v2\/posts\/12697","targetHints":{"allow":["GET"]}}],"collection":[{"href":"https:\/\/blogs.correiobraziliense.com.br\/vicente\/wp-json\/wp\/v2\/posts"}],"about":[{"href":"https:\/\/blogs.correiobraziliense.com.br\/vicente\/wp-json\/wp\/v2\/types\/post"}],"author":[{"embeddable":true,"href":"https:\/\/blogs.correiobraziliense.com.br\/vicente\/wp-json\/wp\/v2\/users\/22"}],"replies":[{"embeddable":true,"href":"https:\/\/blogs.correiobraziliense.com.br\/vicente\/wp-json\/wp\/v2\/comments?post=12697"}],"version-history":[{"count":8,"href":"https:\/\/blogs.correiobraziliense.com.br\/vicente\/wp-json\/wp\/v2\/posts\/12697\/revisions"}],"predecessor-version":[{"id":12708,"href":"https:\/\/blogs.correiobraziliense.com.br\/vicente\/wp-json\/wp\/v2\/posts\/12697\/revisions\/12708"}],"wp:featuredmedia":[{"embeddable":true,"href":"https:\/\/blogs.correiobraziliense.com.br\/vicente\/wp-json\/wp\/v2\/media\/12714"}],"wp:attachment":[{"href":"https:\/\/blogs.correiobraziliense.com.br\/vicente\/wp-json\/wp\/v2\/media?parent=12697"}],"wp:term":[{"taxonomy":"category","embeddable":true,"href":"https:\/\/blogs.correiobraziliense.com.br\/vicente\/wp-json\/wp\/v2\/categories?post=12697"},{"taxonomy":"post_tag","embeddable":true,"href":"https:\/\/blogs.correiobraziliense.com.br\/vicente\/wp-json\/wp\/v2\/tags?post=12697"}],"curies":[{"name":"wp","href":"https:\/\/api.w.org\/{rel}","templated":true}]}}