{"id":12688,"date":"2020-01-14T14:21:47","date_gmt":"2020-01-14T17:21:47","guid":{"rendered":"https:\/\/blogs.correiobraziliense.com.br\/vicente\/?p=12688"},"modified":"2020-01-14T15:57:46","modified_gmt":"2020-01-14T18:57:46","slug":"crise-no-inss-e-correcao-do-salario-minimo-prejudicam-imagem-do-governo","status":"publish","type":"post","link":"https:\/\/blogs.correiobraziliense.com.br\/vicente\/crise-no-inss-e-correcao-do-salario-minimo-prejudicam-imagem-do-governo\/","title":{"rendered":"Crise no INSS e corre\u00e7\u00e3o do sal\u00e1rio m\u00ednimo prejudicam imagem do governo"},"content":{"rendered":"<h2>O governo j\u00e1 sentiu o baque, por meio de pesquisas internas, da crise aberta pelo atendimento do Instituto Nacional do Seguro Social (INSS) e pela corre\u00e7\u00e3o do sal\u00e1rio m\u00ednimo abaixo da infla\u00e7\u00e3o.<\/h2>\n<p>&nbsp;<\/p>\n<p>N\u00e3o por acaso, o presidente Jair Bolsonaro voltou antes do previsto das f\u00e9rias para Bras\u00edlia. Ele sabe o tamanho da cobran\u00e7a que vem sendo feita ao governo, acusado de prejudicar os mais pobres.<\/p>\n<p>&nbsp;<\/p>\n<p>Bolsonaro nunca teve aprova\u00e7\u00e3o elevada entre os eleitores de menor renda. Essa baixa popularidade entre os mais pobres \u00e9 vista, sobretudo, no Nordeste, onde a aposentadoria e o sal\u00e1rio m\u00ednimo t\u00eam forte peso na renda.<\/p>\n<p>&nbsp;<\/p>\n<p>H\u00e1, entre os trabalhadores menos favorecidos, a vis\u00e3o de que o governo n\u00e3o governa para os pobres. A pol\u00edtica liberal do ministro da Economia, Paulo Guedes, \u00e9 vista como benefici\u00e1ria apenas dos mais ricos.<\/p>\n<p>&nbsp;<\/p>\n<p><strong>Descontentamento<\/strong><\/p>\n<p>&nbsp;<\/p>\n<p>Segundo integrantes do Pal\u00e1cio do Planalto, o presidente est\u00e1 &#8220;muito preocupado&#8221; com a repercuss\u00e3o negativa da crise no INSS e cobrou uma solu\u00e7\u00e3o r\u00e1pida. Bolsonaro quer que a fila de pedidos de benef\u00edcios, que passa de 2 milh\u00f5es, seja reduzida o mais rapidamente poss\u00edvel.<\/p>\n<p>&nbsp;<\/p>\n<p>O presidente n\u00e3o esconde, inclusive, o descontentamento com o presidente do INSS, Renato Vieira. Para Bolsonaro, ele e os demais diretores do \u00f3rg\u00e3o n\u00e3o est\u00e3o sabendo responder \u00e0 crise na velocidade que se espera.<\/p>\n<p>&nbsp;<\/p>\n<p>Quanto ao sal\u00e1rio m\u00ednimo, Bolsonaro pediu que a equipe econ\u00f4mica siga pelo menos a legisla\u00e7\u00e3o, que obriga a corre\u00e7\u00e3o pela infla\u00e7\u00e3o. A equipe econ\u00f4mica fixou o sal\u00e1rio m\u00ednimo em R$ 1.039, com atualiza\u00e7\u00e3o de 4,1%, abaixo do \u00cdndice Nacional de Pre\u00e7os ao Consumidor (INPC) de 2019, de 4,48%.<\/p>\n<p>&nbsp;<\/p>\n<p>Diante da chiadeira, o sal\u00e1rio m\u00ednimo passar\u00e1 para R$ 1.045. &#8220;Previd\u00eancia e sal\u00e1rio m\u00ednimo s\u00e3o temas muito sens\u00edveis, que mancham a imagem de qualquer governo, caso n\u00e3o seja tratados com a devida aten\u00e7\u00e3o&#8221;, diz um integrante do Planalto.<\/p>\n<p>&nbsp;<\/p>\n<p>O governo teme que essa vis\u00e3o negativa acabe prejudicando o clima positivo com o qual a economia come\u00e7ou o ano. N\u00e3o custa lembrar que, entre os economistas, j\u00e1 n\u00e3o se tem mais aquela euforia de que 2020 ser\u00e1 o ano da virada. A bola murchou muito.<\/p>\n<p>&nbsp;<\/p>\n<p><em>Bras\u00edlia, 14h21min<\/em><\/p>\n","protected":false},"excerpt":{"rendered":"<p>O governo j\u00e1 sentiu o baque, por meio de pesquisas internas, da crise aberta pelo atendimento do Instituto Nacional do Seguro Social (INSS) e pela corre\u00e7\u00e3o do sal\u00e1rio m\u00ednimo abaixo da infla\u00e7\u00e3o. &nbsp; N\u00e3o por acaso, o presidente Jair Bolsonaro voltou antes do previsto das f\u00e9rias para Bras\u00edlia. Ele sabe o tamanho da cobran\u00e7a que [&hellip;]<\/p>\n","protected":false},"author":22,"featured_media":11156,"comment_status":"open","ping_status":"closed","sticky":false,"template":"","format":"standard","meta":{"footnotes":""},"categories":[600],"tags":[2554,179,2435,467,408,1152],"class_list":["post-12688","post","type-post","status-publish","format-standard","has-post-thumbnail","hentry","category-economia","tag-bolsonaro","tag-crise","tag-desgaste","tag-governo","tag-inss","tag-salario-minimo"],"_links":{"self":[{"href":"https:\/\/blogs.correiobraziliense.com.br\/vicente\/wp-json\/wp\/v2\/posts\/12688","targetHints":{"allow":["GET"]}}],"collection":[{"href":"https:\/\/blogs.correiobraziliense.com.br\/vicente\/wp-json\/wp\/v2\/posts"}],"about":[{"href":"https:\/\/blogs.correiobraziliense.com.br\/vicente\/wp-json\/wp\/v2\/types\/post"}],"author":[{"embeddable":true,"href":"https:\/\/blogs.correiobraziliense.com.br\/vicente\/wp-json\/wp\/v2\/users\/22"}],"replies":[{"embeddable":true,"href":"https:\/\/blogs.correiobraziliense.com.br\/vicente\/wp-json\/wp\/v2\/comments?post=12688"}],"version-history":[{"count":1,"href":"https:\/\/blogs.correiobraziliense.com.br\/vicente\/wp-json\/wp\/v2\/posts\/12688\/revisions"}],"predecessor-version":[{"id":12690,"href":"https:\/\/blogs.correiobraziliense.com.br\/vicente\/wp-json\/wp\/v2\/posts\/12688\/revisions\/12690"}],"wp:featuredmedia":[{"embeddable":true,"href":"https:\/\/blogs.correiobraziliense.com.br\/vicente\/wp-json\/wp\/v2\/media\/11156"}],"wp:attachment":[{"href":"https:\/\/blogs.correiobraziliense.com.br\/vicente\/wp-json\/wp\/v2\/media?parent=12688"}],"wp:term":[{"taxonomy":"category","embeddable":true,"href":"https:\/\/blogs.correiobraziliense.com.br\/vicente\/wp-json\/wp\/v2\/categories?post=12688"},{"taxonomy":"post_tag","embeddable":true,"href":"https:\/\/blogs.correiobraziliense.com.br\/vicente\/wp-json\/wp\/v2\/tags?post=12688"}],"curies":[{"name":"wp","href":"https:\/\/api.w.org\/{rel}","templated":true}]}}