{"id":12687,"date":"2020-01-14T15:27:01","date_gmt":"2020-01-14T18:27:01","guid":{"rendered":"https:\/\/blogs.correiobraziliense.com.br\/vicente\/?p=12687"},"modified":"2020-01-14T15:27:01","modified_gmt":"2020-01-14T18:27:01","slug":"equipe-economica-evita-dar-novo-prazo-para-zerar-deficit-publico","status":"publish","type":"post","link":"https:\/\/blogs.correiobraziliense.com.br\/vicente\/equipe-economica-evita-dar-novo-prazo-para-zerar-deficit-publico\/","title":{"rendered":"Equipe econ\u00f4mica evita dar novo prazo para zerar deficit p\u00fablico"},"content":{"rendered":"<p>\u0308ROSANA HESSEL<\/p>\n<p>Ap\u00f3s o ministro da Economia, Paulo Guedes, n\u00e3o cumprir a promessa de zerar o deficit prim\u00e1rio no primeiro ano do mandato do presidente Jair Bolsonaro, a equipe econ\u00f4mica evita comentar sobre a certa de quando as contas p\u00fablicas devem voltar ao azul. Durante a apresenta\u00e7\u00e3o dos novos dados macroecon\u00f4micos da Secretaria de Pol\u00edtica Econ\u00f4mica (SPE), subordinada a ele, Waldery n\u00e3o deu prazos e nem dados sobre o tamanho do esfor\u00e7o fiscal necess\u00e1rio para a volta do equil\u00edbrio fiscal.<\/p>\n<p>&nbsp;<\/p>\n<p dir=\"ltr\">\u201cEstamos finalizando os c\u00e1lculos. H\u00e1 dois meses, o esfor\u00e7o prim\u00e1rio era de magnitude de 3% (do Produto Interno Bruto-PIB) e, agora, reduziu substancialmente. Ele \u00e9 bem menor do que 3%\u201d, garantiu o secret\u00e1rio, sem antecipar os dados.<\/p>\n<p dir=\"ltr\">\n<p dir=\"ltr\">De acordo com Waldery, o resultado prim\u00e1rio do setor p\u00fablico consolidado de 2019 dever\u00e1 ficar \u201cmais pr\u00f3ximo de R$ 70 bilh\u00f5es\u201d. \u201cT\u00ednhamos uma expectativa de um resultado prim\u00e1rio de 1,9% do PIB. A meta da LDO (Lei de Diretrizes Or\u00e7ament\u00e1rias) \u00e9 de R$ 139 bilh\u00f5es de deficit para o governo central e de R$ 132 bilh\u00f5es de deficit para o setor p\u00fablico consolidado. Fecharemos o ano com valores praticamente metade disso, em torno de 1% do PIB\u201d, garantiu.<\/p>\n<p>&nbsp;<\/p>\n<p>Essa melhora no resultado prim\u00e1rio deve-se, principalmente, \u00e0 receitas extraordin\u00e1rias, como o leil\u00e3o da cess\u00e3o onerosa do pr\u00e9-sal e ao aumento nos repasses de dividendos de estatais, que n\u00e3o devem se repetir com a mesma intensidade em 2020.<\/p>\n<p dir=\"ltr\">\n<p dir=\"ltr\">De acordo com Waldery, a principal meta da equipe econ\u00f4mica, daqui para frente, ser\u00e1 olhar mais para o deficit nominal, que \u00e9 a necessidade de financiamento do governo, incluindo a conta de juros. \u201cDois meses atr\u00e1s, a previs\u00e3o era que o deficit nominal seria de 7% do PIB, agora, se aproxima de 5,9% do PIB. E deve ter um perfil muito melhor do que ach\u00e1vamos\u201d, explicou.<\/p>\n<p dir=\"ltr\">\n<p dir=\"ltr\"><strong>D\u00edvida p\u00fablica<\/strong><\/p>\n<p dir=\"ltr\">\n<p dir=\"ltr\">Em rela\u00e7\u00e3o \u00e0 d\u00edvida p\u00fablica bruta em rela\u00e7\u00e3o ao PIB, Waldery destacou que a trajet\u00f3ria crescente mudou e, nas novas previs\u00f5es da equipe econ\u00f4mica, mostra uma certa estabilidade e dever\u00e1 se acomodar em um patamar inferior aos previstos anteriormente. \u201cAo longo de 2020, nossas estimativas s\u00e3o de que a d\u00edvida p\u00fablica bruta flutuar\u00e1 com uma breve redu\u00e7\u00e3o e n\u00e3o ultrapassar\u00e1 o valor de 80% do PIB\u201d, disse ele apresentando as novas estimativas da d\u00edvida p\u00fablica bruta, sinalizando que ela passar\u00e1 de 77,3%, em 2019, para 78,2%, neste ano, oscilando entre 2021 e 2022, quando iniciar\u00e1 uma queda de 78% do PIB para 67,3% do PIB em 2028, dado ainda acima da m\u00e9dia de pa\u00edses emergentes com \u201ccaracter\u00edsticas semelhantes\u201d, de 52% do PIB.<\/p>\n<p dir=\"ltr\">\n<p dir=\"ltr\">Na avalia\u00e7\u00e3o do secret\u00e1rio, essa redu\u00e7\u00e3o das previs\u00f5es da d\u00edvida teve contribui\u00e7\u00e3o da melhora dos resultados fiscais e da atividade econ\u00f4mica, assim como da queda na taxa b\u00e1sica de juros (Selic), atualmente em 4,5% ao ano, o menor patamar da hist\u00f3ria. \u201cA redu\u00e7\u00e3o dos juros ainda n\u00e3o tiveram um impacto direto na economia e isso dever\u00e1 ser sentido mais neste ano\u201d, afirmou, justificando o aumento de 2,32% para 2,4% na proje\u00e7\u00e3o de expans\u00e3o do PIB em 2020. A expectativa \u00e9 que, com esse crescimento melhor, a receita adicional ajude a absorver algumas despesas extras, como a nova corre\u00e7\u00e3o do sal\u00e1rio m\u00ednimo.<\/p>\n<p dir=\"ltr\">\n<p dir=\"ltr\">O secret\u00e1rio tamb\u00e9m lembrou que a melhora do quadro fiscal tamb\u00e9m contribuiu para a redu\u00e7\u00e3o do risco pa\u00eds medido pelos contratos de CDS (Credit Default Swap) de cinco anos para menos de 100 pontos base. \u201cIsso coloca o pa\u00eds em uma situa\u00e7\u00e3o similar de <em>investment grade<\/em>, posi\u00e7\u00e3o que o Brasil tinha em 2014\u201d, ressaltou ele, reconhecendo, no entanto, que ainda h\u00e1 muito a ser feito em termos de corre\u00e7\u00e3o dos gastos p\u00fablicos para a recupera\u00e7\u00e3o do equil\u00edbrio fiscal. \u201cTemos um esfor\u00e7o prim\u00e1rio ainda para conseguir estabilizar a rela\u00e7\u00e3o d\u00edvida-PIB. Nem metade para equilibrar as contas p\u00fablicas foi feito ainda\u201d, afirmou.\u00a0 Ele\u00a0destacou a necessidade de avan\u00e7o das reformas administrativa e tribut\u00e1ria nesse sentido e garantiu que, em breve, o governo vai encaminh\u00e1-las ao Congresso.<\/p>\n<p>&nbsp;<\/p>\n<div>\n<div class=\"gmail_signature\" dir=\"ltr\">\n<div dir=\"ltr\">\n<div>\n<div dir=\"ltr\">\n<div>\n<div dir=\"ltr\">\n<div>\n<div dir=\"ltr\">\n<div>\n<div dir=\"ltr\">\n<div>\n<div dir=\"ltr\">\n<div>\n<div dir=\"ltr\">\n<div><\/div>\n<\/div>\n<\/div>\n<\/div>\n<\/div>\n<\/div>\n<\/div>\n<\/div>\n<\/div>\n<\/div>\n<\/div>\n<\/div>\n<\/div>\n<\/div>\n<\/div>\n<\/div>\n","protected":false},"excerpt":{"rendered":"<p>\u0308ROSANA HESSEL Ap\u00f3s o ministro da Economia, Paulo Guedes, n\u00e3o cumprir a promessa de zerar o deficit prim\u00e1rio no primeiro ano do mandato do presidente Jair Bolsonaro, a equipe econ\u00f4mica evita comentar sobre a certa de quando as contas p\u00fablicas devem voltar ao azul. Durante a apresenta\u00e7\u00e3o dos novos dados macroecon\u00f4micos da Secretaria de Pol\u00edtica [&hellip;]<\/p>\n","protected":false},"author":22,"featured_media":0,"comment_status":"open","ping_status":"closed","sticky":false,"template":"","format":"standard","meta":{"footnotes":""},"categories":[600],"tags":[542,3666,58,3894,4147],"class_list":["post-12687","post","type-post","status-publish","format-standard","hentry","category-economia","tag-contas-publicas","tag-ministerio-da-economia","tag-pib","tag-spe","tag-waldery-rodrigues"],"_links":{"self":[{"href":"https:\/\/blogs.correiobraziliense.com.br\/vicente\/wp-json\/wp\/v2\/posts\/12687","targetHints":{"allow":["GET"]}}],"collection":[{"href":"https:\/\/blogs.correiobraziliense.com.br\/vicente\/wp-json\/wp\/v2\/posts"}],"about":[{"href":"https:\/\/blogs.correiobraziliense.com.br\/vicente\/wp-json\/wp\/v2\/types\/post"}],"author":[{"embeddable":true,"href":"https:\/\/blogs.correiobraziliense.com.br\/vicente\/wp-json\/wp\/v2\/users\/22"}],"replies":[{"embeddable":true,"href":"https:\/\/blogs.correiobraziliense.com.br\/vicente\/wp-json\/wp\/v2\/comments?post=12687"}],"version-history":[{"count":1,"href":"https:\/\/blogs.correiobraziliense.com.br\/vicente\/wp-json\/wp\/v2\/posts\/12687\/revisions"}],"predecessor-version":[{"id":12689,"href":"https:\/\/blogs.correiobraziliense.com.br\/vicente\/wp-json\/wp\/v2\/posts\/12687\/revisions\/12689"}],"wp:attachment":[{"href":"https:\/\/blogs.correiobraziliense.com.br\/vicente\/wp-json\/wp\/v2\/media?parent=12687"}],"wp:term":[{"taxonomy":"category","embeddable":true,"href":"https:\/\/blogs.correiobraziliense.com.br\/vicente\/wp-json\/wp\/v2\/categories?post=12687"},{"taxonomy":"post_tag","embeddable":true,"href":"https:\/\/blogs.correiobraziliense.com.br\/vicente\/wp-json\/wp\/v2\/tags?post=12687"}],"curies":[{"name":"wp","href":"https:\/\/api.w.org\/{rel}","templated":true}]}}