{"id":12681,"date":"2020-01-12T20:20:11","date_gmt":"2020-01-12T23:20:11","guid":{"rendered":"https:\/\/blogs.correiobraziliense.com.br\/vicente\/?p=12681"},"modified":"2020-01-12T20:32:07","modified_gmt":"2020-01-12T23:32:07","slug":"podemos-deve-disputar-70-prefeituras-em-goias-e-tem-goiania-como-prioridade","status":"publish","type":"post","link":"https:\/\/blogs.correiobraziliense.com.br\/vicente\/podemos-deve-disputar-70-prefeituras-em-goias-e-tem-goiania-como-prioridade\/","title":{"rendered":"Podemos deve disputar 70 prefeituras em Goi\u00e1s e tem Goi\u00e2nia como prioridade"},"content":{"rendered":"<p><span style=\"font-weight: 400\">RODOLFO COSTA<\/span><\/p>\n<p>&nbsp;<\/p>\n<p><span style=\"font-weight: 400\">O Podemos vai emplacar entre 60 e 70 candidatos a prefeituras em Goi\u00e1s. O n\u00famero \u00e9 pouco superior a um ter\u00e7o de todas as cidades do estado. A prioridade, claramente, \u00e9 fazer o m\u00e1ximo poss\u00edvel de prefeitos nas elei\u00e7\u00f5es de outubro. As j\u00f3ias da coroa nesta miss\u00e3o, no entanto, s\u00e3o os cinco munic\u00edpios com a maior economia: Goi\u00e2nia, An\u00e1polis, Aparecida de Goi\u00e2nia, Rio Verde e Catal\u00e3o.\u00a0<\/span><\/p>\n<p>&nbsp;<\/p>\n<p><span style=\"font-weight: 400\">A prioridade \u00e9 Goi\u00e2nia. O pr\u00e9-candidato na capital \u00e9 o atual l\u00edder do partido na C\u00e2mara, Jos\u00e9 Nelto (GO). Ele, inclusive, vai abdicar de uma recondu\u00e7\u00e3o \u00e0 lideran\u00e7a da legenda para se dedicar \u00e0s elei\u00e7\u00f5es. O sucessor ser\u00e1 o deputado L\u00e9o Moraes (RO), que deve ser aclamado por maioria em vota\u00e7\u00e3o j\u00e1 alinhada nos bastidores junto aos demais parlamentares da sigla.<\/span><\/p>\n<p><span style=\"font-weight: 400\">\u00a0<\/span><\/p>\n<p><span style=\"font-weight: 400\">A esperan\u00e7a do Podemos em torno de Nelto est\u00e1 centrada na atua\u00e7\u00e3o dele na C\u00e2mara no \u00faltimo ano. A leitura feita na legenda \u00e9 de que parlamentares influentes do estado, como os deputados Major Vitor Hugo (PSL-GO), l\u00edder do governo na C\u00e2mara, e Delegado Waldir (PSL-GO), ex-l\u00edder da legenda na Casa, concentraram seus esfor\u00e7os mais em defender os interesses do Executivo e do partido, respectivamente, e menos nas pautas do estado.\u00a0<\/span><\/p>\n<p>&nbsp;<\/p>\n<p><span style=\"font-weight: 400\">Por conta disso, h\u00e1 um otimismo de que o governador de Goi\u00e1s, Ronaldo Caiado (DEM), apoie a candidatura de Nelto. Os dois conversaram no fim do ano passado e conversar\u00e3o de novo nesta segunda-feira (13\/1). \u201cO Nelto vai cobrar a fatura do Caiado em alto n\u00edvel, com a seguran\u00e7a de algu\u00e9m que defendeu o governador e as pautas de interesse ao estado\u201d, sustentou um interlocutor da legenda ao <\/span><b>Blog<\/b><span style=\"font-weight: 400\">.\u00a0<\/span><\/p>\n<p>&nbsp;<\/p>\n<p><b>Migra\u00e7\u00e3o<\/b><\/p>\n<p>&nbsp;<\/p>\n<p><span style=\"font-weight: 400\">Em An\u00e1polis, o pr\u00e9-candidato ser\u00e1 o ex-deputado estadual Jos\u00e9 de Lima. Em Aparecida de Goi\u00e2nia, o nome ainda \u00e9 mantido em segredo, mas o pr\u00e9-candidato vir\u00e1 da \u00e1rea de seguran\u00e7a p\u00fablica. A ideia \u00e9 emplacar um delegado da Pol\u00edcia Civil. \u201cO nome \u00e9 quase certo, mas ainda estamos sendo comedidos\u201d, diz o interlocutor.\u00a0<\/span><\/p>\n<p>&nbsp;<\/p>\n<p><span style=\"font-weight: 400\">As demais pr\u00e9-candidaturas devem vir de uma intensa articula\u00e7\u00e3o do Podemos no estado. O partido mant\u00e9m conversas com os prefeitos de Rio Verde, Paulo Faria do Vale (MDB), e de Catal\u00e3o, Adib Elias (MDB), e trabalha o convencimento para acertar a migra\u00e7\u00e3o de ambos. \u201cJ\u00e1 estamos fazendo movimentos para nos fortalecer. S\u00e3o dois prefeitos que devem ir para o Podemos tentar a reelei\u00e7\u00e3o\u201d, sustenta a fonte.<\/span><\/p>\n","protected":false},"excerpt":{"rendered":"<p>RODOLFO COSTA &nbsp; O Podemos vai emplacar entre 60 e 70 candidatos a prefeituras em Goi\u00e1s. O n\u00famero \u00e9 pouco superior a um ter\u00e7o de todas as cidades do estado. A prioridade, claramente, \u00e9 fazer o m\u00e1ximo poss\u00edvel de prefeitos nas elei\u00e7\u00f5es de outubro. As j\u00f3ias da coroa nesta miss\u00e3o, no entanto, s\u00e3o os cinco [&hellip;]<\/p>\n","protected":false},"author":22,"featured_media":11021,"comment_status":"open","ping_status":"closed","sticky":false,"template":"","format":"standard","meta":{"footnotes":""},"categories":[600],"tags":[4356,4357,4362,4359,4366,4355,4365,2618,4367,4363,4368,4360,3944,4162,4354,4358,4361,4364,4136],"class_list":["post-12681","post","type-post","status-publish","format-standard","has-post-thumbnail","hentry","category-economia","tag-anapolis","tag-aparecida","tag-caiado","tag-catalao","tag-delegado","tag-goiania","tag-hugo","tag-jose","tag-leo","tag-major","tag-moraes","tag-nelto","tag-podemos","tag-prefeitura","tag-prefeituras","tag-rio-verde","tag-ronaldo","tag-vitor","tag-waldir"],"_links":{"self":[{"href":"https:\/\/blogs.correiobraziliense.com.br\/vicente\/wp-json\/wp\/v2\/posts\/12681","targetHints":{"allow":["GET"]}}],"collection":[{"href":"https:\/\/blogs.correiobraziliense.com.br\/vicente\/wp-json\/wp\/v2\/posts"}],"about":[{"href":"https:\/\/blogs.correiobraziliense.com.br\/vicente\/wp-json\/wp\/v2\/types\/post"}],"author":[{"embeddable":true,"href":"https:\/\/blogs.correiobraziliense.com.br\/vicente\/wp-json\/wp\/v2\/users\/22"}],"replies":[{"embeddable":true,"href":"https:\/\/blogs.correiobraziliense.com.br\/vicente\/wp-json\/wp\/v2\/comments?post=12681"}],"version-history":[{"count":1,"href":"https:\/\/blogs.correiobraziliense.com.br\/vicente\/wp-json\/wp\/v2\/posts\/12681\/revisions"}],"predecessor-version":[{"id":12682,"href":"https:\/\/blogs.correiobraziliense.com.br\/vicente\/wp-json\/wp\/v2\/posts\/12681\/revisions\/12682"}],"wp:featuredmedia":[{"embeddable":true,"href":"https:\/\/blogs.correiobraziliense.com.br\/vicente\/wp-json\/wp\/v2\/media\/11021"}],"wp:attachment":[{"href":"https:\/\/blogs.correiobraziliense.com.br\/vicente\/wp-json\/wp\/v2\/media?parent=12681"}],"wp:term":[{"taxonomy":"category","embeddable":true,"href":"https:\/\/blogs.correiobraziliense.com.br\/vicente\/wp-json\/wp\/v2\/categories?post=12681"},{"taxonomy":"post_tag","embeddable":true,"href":"https:\/\/blogs.correiobraziliense.com.br\/vicente\/wp-json\/wp\/v2\/tags?post=12681"}],"curies":[{"name":"wp","href":"https:\/\/api.w.org\/{rel}","templated":true}]}}