{"id":1268,"date":"2016-06-06T23:26:17","date_gmt":"2016-06-07T02:26:17","guid":{"rendered":"https:\/\/blogs.correiobraziliense.com.br\/vicente\/?p=1268"},"modified":"2016-06-06T23:40:19","modified_gmt":"2016-06-07T02:40:19","slug":"segunda-feira-de-comemoracoes-no-alvorada","status":"publish","type":"post","link":"https:\/\/blogs.correiobraziliense.com.br\/vicente\/segunda-feira-de-comemoracoes-no-alvorada\/","title":{"rendered":"Segunda-feira de comemora\u00e7\u00f5es no Alvorada"},"content":{"rendered":"<p>POR ANTONIO TEM\u00d3TEO<\/p>\n<p>&nbsp;<\/p>\n<p>A presidente afastada, Dilma Rousseff, e seus auxiliares n\u00e3o tinham uma segunda-feira t\u00e3o agrad\u00e1vel h\u00e1 meses, como hoje. Todos no entorno dela comemoraram a crise instalada no Pal\u00e1cio do Planalto com a not\u00edcia de que o procurador-geral da Rep\u00fablica, Rodrigo Janot, afirmou ao Supremo Tribunal Federal (STF) que o ministro do Turismo, Henrique Eduardo Alves, recebeu propina da construtora OAS.<\/p>\n<p>&nbsp;<\/p>\n<p>No Alvorada, os auxiliares de Dilma apostam que o ex-presidente da C\u00e2mara dos Deputados ser\u00e1 o pr\u00f3ximo ministro de Michel Temer a cair. Depois dele, ser\u00e1 a vez do secret\u00e1rio de Governo, Geddel Vieira Lima, tamb\u00e9m citado na opera\u00e7\u00e3o Lava-Jato. O advogado-geral da Uni\u00e3o, Fabio Os\u00f3rio, e a secret\u00e1ria de Pol\u00edticas para as Mulheres, F\u00e1tima Pelaes, ainda figuram na bolsa de apostas entre os que devem ser substitu\u00eddos brevemente.<\/p>\n<p>&nbsp;<\/p>\n<p>Outro fato que agradou os petistas foi o recuo do presidente da comiss\u00e3o do impeachment, senador Raimundo Lira (PMDB-PB), em reduzir os trabalhos do colegiado em 20 dias. Os governistas pretendiam alterar o cronograma do\u00a0processo . Mudaram de ideia ap\u00f3s o presidente do STF, Ricardo Lewandowski, sinalizar que iria indeferir o pedido. Lewandowski defende o mesmo rito adotado\u00a0na cassa\u00e7\u00e3o do mandato do ex-presidente Fernando Collor.<\/p>\n<p>&nbsp;<\/p>\n<p><strong>Indica\u00e7\u00f5es pol\u00edticas<\/strong><\/p>\n<p>&nbsp;<\/p>\n<p>Um assessor de Dilma tamb\u00e9m comentou, como vit\u00f3ria, a decis\u00e3o do presidente interino, Michel Temer, de suspender as nomea\u00e7\u00f5es para estatais e fundos de pens\u00e3o enquanto o projeto de lei que cria regras para a escolha dos dirigentes n\u00e3o for aprovado pela Congresso. &#8220;N\u00e3o adianta definir normas para escolher os chefes\u00a0das empresas p\u00fablicas e das entidades fechadas de previd\u00eancia complementar se as indica\u00e7\u00f5es pol\u00edticas continuarem&#8221;, observou.<\/p>\n<p>&nbsp;<\/p>\n<p>Dilma est\u00e1 mais convencida do que nunca de que retornar\u00e1 ao Pal\u00e1cio do Planalto brevemente. E diz querer ver Temer saindo pelas portas dos fundos, sem nem olhar para tr\u00e1s.<\/p>\n<p>&nbsp;<\/p>\n<p>Bras\u00edlia, 23,26min<\/p>\n","protected":false},"excerpt":{"rendered":"<p>POR ANTONIO TEM\u00d3TEO &nbsp; A presidente afastada, Dilma Rousseff, e seus auxiliares n\u00e3o tinham uma segunda-feira t\u00e3o agrad\u00e1vel h\u00e1 meses, como hoje. Todos no entorno dela comemoraram a crise instalada no Pal\u00e1cio do Planalto com a not\u00edcia de que o procurador-geral da Rep\u00fablica, Rodrigo Janot, afirmou ao Supremo Tribunal Federal (STF) que o ministro do [&hellip;]<\/p>\n","protected":false},"author":22,"featured_media":0,"comment_status":"open","ping_status":"closed","sticky":false,"template":"","format":"standard","meta":{"footnotes":""},"categories":[1],"tags":[175,179,177,178,62,41,176],"class_list":["post-1268","post","type-post","status-publish","format-standard","hentry","category-sem-categoria","tag-alvorada","tag-crise","tag-estatais","tag-fundos-de-pensao","tag-impeachment","tag-lava-jato","tag-palacio-do-planalto"],"_links":{"self":[{"href":"https:\/\/blogs.correiobraziliense.com.br\/vicente\/wp-json\/wp\/v2\/posts\/1268","targetHints":{"allow":["GET"]}}],"collection":[{"href":"https:\/\/blogs.correiobraziliense.com.br\/vicente\/wp-json\/wp\/v2\/posts"}],"about":[{"href":"https:\/\/blogs.correiobraziliense.com.br\/vicente\/wp-json\/wp\/v2\/types\/post"}],"author":[{"embeddable":true,"href":"https:\/\/blogs.correiobraziliense.com.br\/vicente\/wp-json\/wp\/v2\/users\/22"}],"replies":[{"embeddable":true,"href":"https:\/\/blogs.correiobraziliense.com.br\/vicente\/wp-json\/wp\/v2\/comments?post=1268"}],"version-history":[{"count":3,"href":"https:\/\/blogs.correiobraziliense.com.br\/vicente\/wp-json\/wp\/v2\/posts\/1268\/revisions"}],"predecessor-version":[{"id":1271,"href":"https:\/\/blogs.correiobraziliense.com.br\/vicente\/wp-json\/wp\/v2\/posts\/1268\/revisions\/1271"}],"wp:attachment":[{"href":"https:\/\/blogs.correiobraziliense.com.br\/vicente\/wp-json\/wp\/v2\/media?parent=1268"}],"wp:term":[{"taxonomy":"category","embeddable":true,"href":"https:\/\/blogs.correiobraziliense.com.br\/vicente\/wp-json\/wp\/v2\/categories?post=1268"},{"taxonomy":"post_tag","embeddable":true,"href":"https:\/\/blogs.correiobraziliense.com.br\/vicente\/wp-json\/wp\/v2\/tags?post=1268"}],"curies":[{"name":"wp","href":"https:\/\/api.w.org\/{rel}","templated":true}]}}