{"id":12675,"date":"2020-01-12T19:30:24","date_gmt":"2020-01-12T22:30:24","guid":{"rendered":"https:\/\/blogs.correiobraziliense.com.br\/vicente\/?p=12675"},"modified":"2020-01-12T19:43:45","modified_gmt":"2020-01-12T22:43:45","slug":"disputa-pela-presidencia-do-pros-tem-ate-acusacao-de-atropelamento","status":"publish","type":"post","link":"https:\/\/blogs.correiobraziliense.com.br\/vicente\/disputa-pela-presidencia-do-pros-tem-ate-acusacao-de-atropelamento\/","title":{"rendered":"Disputa pela presid\u00eancia do Pros tem at\u00e9 acusa\u00e7\u00e3o de atropelamento"},"content":{"rendered":"<h2>RENATO SOUZA<\/h2>\n<h2><\/h2>\n<h2>A Executiva Nacional do Pros decidiu, no s\u00e1bado (11\/01), destituir Eur\u00edpedes de Macedo J\u00fanior da presid\u00eancia do partido e, neste domingo (12\/01), por unanimidade, suspender a filia\u00e7\u00e3o dele por tr\u00eas meses. Pela manh\u00e3, uma reuni\u00e3o do partido terminou em confus\u00e3o, com o secret\u00e1rio da legenda, do grupo que se op\u00f5e a Eur\u00edpedes, acusando um funcion\u00e1rio de tentar atropel\u00e1-lo a mando do ex-dirigente.<\/h2>\n<p>&nbsp;<\/p>\n<p>De acordo com a certid\u00e3o de suspens\u00e3o, Eur\u00edpedes foi deposto do cargo por &#8220;diversas infra\u00e7\u00f5es disciplinares, especialmente por desviar recursos partid\u00e1rios e negociar a legenda em evidente preju\u00edzo do partido e para auferir vantagens financeiras e pessoais&#8221;. Tamb\u00e9m pesou o fato de ele ser acusado de agredir a pr\u00f3pria filha, de 19 anos, por causa de um carro. Ela conseguiu medida protetiva contra o pai.<\/p>\n<p>&nbsp;<\/p>\n<p><a href=\"https:\/\/www.youtube.com\/watch?v=tr9qwl1p0lA&#038;feature=youtu.be\">https:\/\/www.youtube.com\/watch?v=tr9qwl1p0lA&amp;feature=youtu.be<\/a><\/p>\n<p>&nbsp;<\/p>\n<p>O suposto atropelamento do secret\u00e1rio Edm\u00edlson Santana Boa Morte teria ocorrido ap\u00f3s a reuni\u00e3o do partido e foi registrada na 10\u00aa delegacia de Pol\u00edcia Civil do Distrito Federal, no Lago Sul. Um v\u00eddeo, obtido pelo <strong>Blog<\/strong>, revela, no entanto, que o ve\u00edculo que teria avan\u00e7ado contra Edm\u00edlson estava em baixa velocidade e que ele se aproximou do autom\u00f3vel por conta pr\u00f3pria.<\/p>\n<p>&nbsp;<\/p>\n<p>Edm\u00edlson conversava com o motorista, um funcion\u00e1rio contratado pela funda\u00e7\u00e3o do partido, quando reclama que a roda do carro passou em cima de seu p\u00e9. A Pol\u00edcia Civil encaminhou a suposta v\u00edtima para exame de corpo de delito no Instituto M\u00e9dico Legal (IML). O funcion\u00e1rio nega a acusa\u00e7\u00e3o e tamb\u00e9m registrou ocorr\u00eancia. Ele diz que a hist\u00f3ria foi inventada para servir de instrumento pol\u00edtico.<\/p>\n<p>&nbsp;<\/p>\n<p><strong>Desvio de dinheiro<\/strong><\/p>\n<p>&nbsp;<\/p>\n<p>O ent\u00e3o presidente do Pros foi alvo de uma s\u00e9rie de reportagens do <strong>Correio<\/strong> em 2017. Ele foi acusado de utilizar dinheiro p\u00fablico para a compra de um helic\u00f3ptero, de mans\u00f5es, de um avi\u00e3o bimotor e de contratar funcion\u00e1rios terceirizados por meio de empresas de parentes com o dinheiro p\u00fablico.<\/p>\n<p>&nbsp;<\/p>\n<p>Ao menos quatro den\u00fancias contra Eur\u00edpedes foram apresentadas pelo Minist\u00e9rio P\u00fablico Federal (MPF). Uma delas se refere ao helic\u00f3ptero da fabricante Robinson, modelo R-66, prefixo PP-CHF, avaliado em R$ 2,8 milh\u00f5es, que \u00e9 utilizado para os deslocamentos do ex-vereador da cidade de Planaltina de Goi\u00e1s, local onde o Pros foi fundado, at\u00e9 a casa pertencente \u00e0 legenda, no Lago Sul.<\/p>\n<p>&nbsp;<\/p>\n<p>Na \u00e9poca das reportagens, uma fonte contou que motoristas e transporte irregular, que prestavam servi\u00e7o para ele, foram usados em larga escala para recolher assinaturas na regi\u00e3o para a cria\u00e7\u00e3o da legenda.<\/p>\n<p>&nbsp;<\/p>\n<p><strong>Opera\u00e7\u00e3o da PF<\/strong><\/p>\n<p>&nbsp;<\/p>\n<p>Um ano ap\u00f3s as reportagens do <strong>Correio<\/strong>, Eur\u00edpedes foi alvo da Pol\u00edcia Federal. A pris\u00e3o dele foi decretada na Opera\u00e7\u00e3o Partialis, deflagrada para combater o desvio de recursos p\u00fablicos na aquisi\u00e7\u00e3o de gases medicinais em Bras\u00edlia e no Par\u00e1.<\/p>\n<p>&nbsp;<\/p>\n<p>De acordo com a PF, os envolvidos no esquema desviaram R$ 2 milh\u00f5es em contratos com o setor p\u00fablico. Ele passou cinco dias foragido at\u00e9 se apresentar \u00e0 superintend\u00eancia da corpora\u00e7\u00e3o, em Bras\u00edlia.<\/p>\n<p>&nbsp;<\/p>\n<p>Apesar de ter se entregado, Eur\u00edpedes, que tamb\u00e9m \u00e9 ex-vereador, foi liberado em seguida gra\u00e7as a uma estrat\u00e9gia jur\u00eddica. O C\u00f3digo Eleitoral pro\u00edbe a pris\u00e3o de eleitores em um per\u00edodo de cinco dias antes das elei\u00e7\u00f5es. Ele se apresentou dia 27 de outubro de 2018, tr\u00eas dias antes do segundo turno das elei\u00e7\u00f5es.<\/p>\n<p>&nbsp;<\/p>\n<p><strong>Novela<\/strong><\/p>\n<p>&nbsp;<\/p>\n<p>Em meio a pol\u00eamicas, o Diret\u00f3rio Nacional do Pros foi dissolvido e uma Comiss\u00e3o Executiva Nacional Provis\u00f3ria foi criada para atuar at\u00e9 que uma nova Conven\u00e7\u00e3o Nacional seja realizada, para a elei\u00e7\u00e3o da nova c\u00fapula do partido.<\/p>\n<p>&nbsp;<\/p>\n<p>Para o lugar de Eur\u00edpedes, o Pros escolheu Marcus Vin\u00edcius Chaves Holanda. Em nota, a defesa de Eur\u00edpedes disse que ele &#8220;ainda \u00e9 presidente do partido, como consta em certid\u00e3o da Justi\u00e7a Eleitoral&#8221;.<\/p>\n<p>&nbsp;<\/p>\n<p>Ainda de acordo com os advogados, que tamb\u00e9m representam a diretoria do Pros representada por Eur\u00edpedes, trata-se de &#8220;uma tentativa de golpe&#8221; em uma legenda que tem &#8220;representatividade no Congresso Nacional&#8221;.<\/p>\n<p>&nbsp;<\/p>\n<p><strong>Nota da defesa de Eur\u00edpedes<\/strong><\/p>\n<p>&nbsp;<\/p>\n<p><em>&#8220;Trata-se de uma tentativa natimorta de golpe partid\u00e1rio, que n\u00e3o resiste a uma an\u00e1lise jur\u00eddica m\u00ednima, e se deu ao arrepio do estatuto partid\u00e1rio, de suas resolu\u00e7\u00f5es, da legisla\u00e7\u00e3o de reg\u00eancia e de princ\u00edpios b\u00e1sicos da Constitui\u00e7\u00e3o Federal.<\/em><\/p>\n<p><em>Fala-se em um reuni\u00e3o do Diret\u00f3rio Nacional, a qual n\u00e3o foi convocada por seu Presidente legitimamente eleito, e na qual membros deste mesmo \u00f3rg\u00e3o partid\u00e1rio foram impedidos de adentrar \u00e0 sede do Partido, para participar de tal reuni\u00e3o.<\/em><\/p>\n<p><em>A Sede Nacional foi invadida, tomada, e isolada, por essas pessoas. Al\u00e9m disso, as senhas do s\u00edtio eletr\u00f4nico oficial do Partido, bem como de suas redes sociais, foram alterados, para divulga\u00e7\u00f5es indevidas.<\/em><\/p>\n<p><em>O Estado Democr\u00e1tico de Direito vigente em nosso pa\u00eds, n\u00e3o admite que um Partido Pol\u00edtico com representa\u00e7\u00e3o o Congresso Nacional, seja tomado de assalto, dessa forma.<\/em><\/p>\n<p><em>O PROS buscar\u00e1 todos os meios institucionais para regularizar a situa\u00e7\u00e3o jur\u00eddica e pol\u00edtica do Partido, o mais r\u00e1pido poss\u00edvel, bem como buscar\u00e1 a responsabiliza\u00e7\u00e3o de todos os envolvidos.&#8221;<\/em><\/p>\n<p>&nbsp;<\/p>\n<p><em>Bras\u00edlia, 19h30min<\/em><\/p>\n","protected":false},"excerpt":{"rendered":"<p>RENATO SOUZA A Executiva Nacional do Pros decidiu, no s\u00e1bado (11\/01), destituir Eur\u00edpedes de Macedo J\u00fanior da presid\u00eancia do partido e, neste domingo (12\/01), por unanimidade, suspender a filia\u00e7\u00e3o dele por tr\u00eas meses. Pela manh\u00e3, uma reuni\u00e3o do partido terminou em confus\u00e3o, com o secret\u00e1rio da legenda, do grupo que se op\u00f5e a Eur\u00edpedes, acusando [&hellip;]<\/p>\n","protected":false},"author":22,"featured_media":0,"comment_status":"open","ping_status":"closed","sticky":false,"template":"","format":"standard","meta":{"footnotes":""},"categories":[600],"tags":[2536,4352,1078,4353,4224,3358],"class_list":["post-12675","post","type-post","status-publish","format-standard","hentry","category-economia","tag-agressao","tag-atropelamento","tag-denuncia","tag-filha","tag-partido","tag-pros"],"_links":{"self":[{"href":"https:\/\/blogs.correiobraziliense.com.br\/vicente\/wp-json\/wp\/v2\/posts\/12675","targetHints":{"allow":["GET"]}}],"collection":[{"href":"https:\/\/blogs.correiobraziliense.com.br\/vicente\/wp-json\/wp\/v2\/posts"}],"about":[{"href":"https:\/\/blogs.correiobraziliense.com.br\/vicente\/wp-json\/wp\/v2\/types\/post"}],"author":[{"embeddable":true,"href":"https:\/\/blogs.correiobraziliense.com.br\/vicente\/wp-json\/wp\/v2\/users\/22"}],"replies":[{"embeddable":true,"href":"https:\/\/blogs.correiobraziliense.com.br\/vicente\/wp-json\/wp\/v2\/comments?post=12675"}],"version-history":[{"count":4,"href":"https:\/\/blogs.correiobraziliense.com.br\/vicente\/wp-json\/wp\/v2\/posts\/12675\/revisions"}],"predecessor-version":[{"id":12680,"href":"https:\/\/blogs.correiobraziliense.com.br\/vicente\/wp-json\/wp\/v2\/posts\/12675\/revisions\/12680"}],"wp:attachment":[{"href":"https:\/\/blogs.correiobraziliense.com.br\/vicente\/wp-json\/wp\/v2\/media?parent=12675"}],"wp:term":[{"taxonomy":"category","embeddable":true,"href":"https:\/\/blogs.correiobraziliense.com.br\/vicente\/wp-json\/wp\/v2\/categories?post=12675"},{"taxonomy":"post_tag","embeddable":true,"href":"https:\/\/blogs.correiobraziliense.com.br\/vicente\/wp-json\/wp\/v2\/tags?post=12675"}],"curies":[{"name":"wp","href":"https:\/\/api.w.org\/{rel}","templated":true}]}}