{"id":12657,"date":"2020-01-10T16:17:20","date_gmt":"2020-01-10T19:17:20","guid":{"rendered":"https:\/\/blogs.correiobraziliense.com.br\/vicente\/?p=12657"},"modified":"2020-01-10T18:39:38","modified_gmt":"2020-01-10T21:39:38","slug":"com-medo-de-manifestacoes-planalto-monitora-aumento-de-passagens-de-onibus","status":"publish","type":"post","link":"https:\/\/blogs.correiobraziliense.com.br\/vicente\/com-medo-de-manifestacoes-planalto-monitora-aumento-de-passagens-de-onibus\/","title":{"rendered":"Com medo de manifesta\u00e7\u00f5es, Planalto monitora aumento de passagens de \u00f4nibus"},"content":{"rendered":"<h2>O reajuste de 10% nas passagens de \u00f4nibus e metr\u00f4 em Bras\u00edlia acendeu o sinal de alerta do Pal\u00e1cio do Planalto. H\u00e1 o temor de que esse movimento de alta nas passagens se espalhe pelo pa\u00eds e estimule manifesta\u00e7\u00f5es.<\/h2>\n<p>&nbsp;<\/p>\n<p>Na vis\u00e3o de integrantes do Planalto, o aumento anunciado pelo Governo do Distrito Federal foi exagerado, muito acima do observado em outras capitais que j\u00e1 anunciaram reajustes nas passagens de \u00f4nibus.<\/p>\n<p>&nbsp;<\/p>\n<p>Em S\u00e3o Paulo, onde manifestantes foram para as ruas nesta semana, mas de forma moderada, as passagens ficaram 2,33% mais caras, de R$ 4,30 para R$ 4,40. Em Vit\u00f3ria, no Esp\u00edrito Santo, as tarifas subiram 4%, passando de R$ 3,75 para R$ 3,90.<\/p>\n<p>&nbsp;<\/p>\n<p>No Distrito Federal, nos \u00f4nibus mais caros, as passagens saltaram de R$ 5 para R$ 5,50, gerando muitas cr\u00edticas entre os passageiros. A expectativa \u00e9 de que, at\u00e9 o fim de janeiro, Fortaleza anuncie aumentos.<\/p>\n<p>&nbsp;<\/p>\n<p>Em duas capitais, depois das press\u00f5es de populares, houve recuo por parte das prefeituras. Campo Grande (Mato Grosso do Sul) e Belo Horizonte (Minas Gerais) chegaram a anunciar reajustes, que acabaram suspensos.<\/p>\n<p>&nbsp;<\/p>\n<p><strong>Impacto na infla\u00e7\u00e3o<\/strong><\/p>\n<p>&nbsp;<\/p>\n<p>Pelos c\u00e1lculos da economista Vict\u00f3ria Santos Jorge, da Corretora Ativa, os reajustes das passagens dos transportes urbanos devem pesar na infla\u00e7\u00e3o de janeiro. Ela trabalha com impacto de 0,95% no custo de vida, mas h\u00e1 integrantes do mercado falando em at\u00e9 1,90%.<\/p>\n<p>&nbsp;<\/p>\n<p>Vict\u00f3ria acredita que um ponto joga a favor do governo, para evitar transtornos maiores por meio de manifesta\u00e7\u00f5es: o fato de 2020 ser um ano de elei\u00e7\u00f5es municipais. Do olho na reelei\u00e7\u00e3o ou apostando em fazer sucessores, os prefeitos devem adiar ao m\u00e1ximo os aumentos das passagens.<\/p>\n<p>&nbsp;<\/p>\n<p>No Planalto, tudo o que n\u00e3o se quer \u00e9 tumulto nas ruas, como os verificados no pa\u00eds em 2013 e no Chile, recentemente. N\u00e3o \u00e0 toa, o presidente Jair Bolsonaro se adiantou para dizer que o governo n\u00e3o permitir\u00e1 reajustes nos combust\u00edveis, em especial, no diesel, que pega caminheiros e o setor de transporte urbanos.<\/p>\n<p>&nbsp;<\/p>\n<p>O Planalto admite que j\u00e1 basta a disparada dos pre\u00e7os das carnes, que levaram o \u00cdndice de Pre\u00e7os ao Consumidor Amplo (IPCA) a atingir 1,15% em dezembro, a taxa mais elevada para o m\u00eas desde 2002. Com isso, a infla\u00e7\u00e3o acumulada em 2019 cravou alta de 4,31%, a maior desde 2016.<\/p>\n<p>&nbsp;<\/p>\n<p><em>Bras\u00edlia, 16h17min<\/em><\/p>\n","protected":false},"excerpt":{"rendered":"<p>O reajuste de 10% nas passagens de \u00f4nibus e metr\u00f4 em Bras\u00edlia acendeu o sinal de alerta do Pal\u00e1cio do Planalto. H\u00e1 o temor de que esse movimento de alta nas passagens se espalhe pelo pa\u00eds e estimule manifesta\u00e7\u00f5es. &nbsp; Na vis\u00e3o de integrantes do Planalto, o aumento anunciado pelo Governo do Distrito Federal foi [&hellip;]<\/p>\n","protected":false},"author":22,"featured_media":12659,"comment_status":"open","ping_status":"closed","sticky":false,"template":"","format":"standard","meta":{"footnotes":""},"categories":[600],"tags":[2554,926,4350,14,370,2700,286,124],"class_list":["post-12657","post","type-post","status-publish","format-standard","has-post-thumbnail","hentry","category-economia","tag-bolsonaro","tag-brasilia","tag-capitais","tag-inflacao","tag-manifestacoes","tag-onibus","tag-passagens","tag-reajustes"],"_links":{"self":[{"href":"https:\/\/blogs.correiobraziliense.com.br\/vicente\/wp-json\/wp\/v2\/posts\/12657","targetHints":{"allow":["GET"]}}],"collection":[{"href":"https:\/\/blogs.correiobraziliense.com.br\/vicente\/wp-json\/wp\/v2\/posts"}],"about":[{"href":"https:\/\/blogs.correiobraziliense.com.br\/vicente\/wp-json\/wp\/v2\/types\/post"}],"author":[{"embeddable":true,"href":"https:\/\/blogs.correiobraziliense.com.br\/vicente\/wp-json\/wp\/v2\/users\/22"}],"replies":[{"embeddable":true,"href":"https:\/\/blogs.correiobraziliense.com.br\/vicente\/wp-json\/wp\/v2\/comments?post=12657"}],"version-history":[{"count":2,"href":"https:\/\/blogs.correiobraziliense.com.br\/vicente\/wp-json\/wp\/v2\/posts\/12657\/revisions"}],"predecessor-version":[{"id":12669,"href":"https:\/\/blogs.correiobraziliense.com.br\/vicente\/wp-json\/wp\/v2\/posts\/12657\/revisions\/12669"}],"wp:featuredmedia":[{"embeddable":true,"href":"https:\/\/blogs.correiobraziliense.com.br\/vicente\/wp-json\/wp\/v2\/media\/12659"}],"wp:attachment":[{"href":"https:\/\/blogs.correiobraziliense.com.br\/vicente\/wp-json\/wp\/v2\/media?parent=12657"}],"wp:term":[{"taxonomy":"category","embeddable":true,"href":"https:\/\/blogs.correiobraziliense.com.br\/vicente\/wp-json\/wp\/v2\/categories?post=12657"},{"taxonomy":"post_tag","embeddable":true,"href":"https:\/\/blogs.correiobraziliense.com.br\/vicente\/wp-json\/wp\/v2\/tags?post=12657"}],"curies":[{"name":"wp","href":"https:\/\/api.w.org\/{rel}","templated":true}]}}