{"id":12651,"date":"2020-01-08T20:33:38","date_gmt":"2020-01-08T23:33:38","guid":{"rendered":"https:\/\/blogs.correiobraziliense.com.br\/vicente\/?p=12651"},"modified":"2020-01-08T20:40:09","modified_gmt":"2020-01-08T23:40:09","slug":"zeina-latif-deixa-a-xp-investimentos-ciclo-se-completou-afirma","status":"publish","type":"post","link":"https:\/\/blogs.correiobraziliense.com.br\/vicente\/zeina-latif-deixa-a-xp-investimentos-ciclo-se-completou-afirma\/","title":{"rendered":"Zeina Latif deixa a XP Investimentos.&#8221;Ciclo se completou&#8221;, afirma"},"content":{"rendered":"<h2><span style=\"font-weight: 400\">ROSANA HESSEL<\/span><\/h2>\n<h2><span style=\"font-weight: 400\">Zeina Latif deixou a XP Investimentos, onde trabalhava como economista-chefe desde 2014. \u201cMomento de seguir meu caminho. Ciclo se completou\u201d, afirmou ela ao <\/span><b>Blog<\/b><span style=\"font-weight: 400\">.\u00a0\u00a0<\/span><\/h2>\n<p>&nbsp;<\/p>\n<p><span style=\"font-weight: 400\">A economista contou que a sa\u00edda, a partir desta quarta-feira (08\/01), foi em comum acordo. Ela pretende de distanciar do &#8220;mercad\u00e3o&#8221; e seguir como consultora.\u00a0 &#8220;Eu precisava seguir e eles sabiam disso&#8221;, declarou. <\/span><\/p>\n<p>&nbsp;<\/p>\n<p><span style=\"font-weight: 400\">Como tem alguns compromissos j\u00e1 agendados, como palestras, Zeina ainda vai trabalhar como consultora transitoriamente na XP. &#8220;Hoje foi meu \u00faltimo dia na XP como economista-chefe&#8221;, explicou.<\/span><\/p>\n<p>&nbsp;<\/p>\n<p><span style=\"font-weight: 400\">Mestre e doutora em Economia pela Universidade de S\u00e3o Paulo (USP), Zeina tem vasta experi\u00eancia no mercado financeiro, com passagens em v\u00e1rias institui\u00e7\u00f5es do setor. Trabalhou no Royal Bank of Scotland (RBS), no ING, no ABN-Amro Real e no HSBC. Al\u00e9m disso, \u00e9 colunista do Estad\u00e3o.\u00a0\u00c9 uma das economistas mais respeitadas do pa\u00eds e chegou a ser cotada para ser diretora do Banco Central.<\/span><\/p>\n<p>&nbsp;<\/p>\n<p><span style=\"font-weight: 400\">Nas redes sociais, a sa\u00edda de Zeina foi lamentada entre especialistas da \u00e1rea econ\u00f4mica. \u201cRuim para XP. \u00d3tima analista, economista, profissional. Sou f\u00e3\u201d, escreveu a economista e advogada Elena Landau, ex-diretora do Banco Nacional de Desenvolvimento Econ\u00f4mico e Social (BNDES), onde comandou o processo de privatiza\u00e7\u00e3o do governo Fernando Henrique Cardoso.<\/span><\/p>\n","protected":false},"excerpt":{"rendered":"<p>ROSANA HESSEL Zeina Latif deixou a XP Investimentos, onde trabalhava como economista-chefe desde 2014. \u201cMomento de seguir meu caminho. Ciclo se completou\u201d, afirmou ela ao Blog.\u00a0\u00a0 &nbsp; A economista contou que a sa\u00edda, a partir desta quarta-feira (08\/01), foi em comum acordo. Ela pretende de distanciar do &#8220;mercad\u00e3o&#8221; e seguir como consultora.\u00a0 &#8220;Eu precisava seguir [&hellip;]<\/p>\n","protected":false},"author":22,"featured_media":0,"comment_status":"open","ping_status":"closed","sticky":false,"template":"","format":"standard","meta":{"footnotes":""},"categories":[600],"tags":[589,63,4349,4169,855],"class_list":["post-12651","post","type-post","status-publish","format-standard","hentry","category-economia","tag-economia","tag-mercado-financeiro","tag-usp","tag-xp","tag-zeina-latif"],"_links":{"self":[{"href":"https:\/\/blogs.correiobraziliense.com.br\/vicente\/wp-json\/wp\/v2\/posts\/12651","targetHints":{"allow":["GET"]}}],"collection":[{"href":"https:\/\/blogs.correiobraziliense.com.br\/vicente\/wp-json\/wp\/v2\/posts"}],"about":[{"href":"https:\/\/blogs.correiobraziliense.com.br\/vicente\/wp-json\/wp\/v2\/types\/post"}],"author":[{"embeddable":true,"href":"https:\/\/blogs.correiobraziliense.com.br\/vicente\/wp-json\/wp\/v2\/users\/22"}],"replies":[{"embeddable":true,"href":"https:\/\/blogs.correiobraziliense.com.br\/vicente\/wp-json\/wp\/v2\/comments?post=12651"}],"version-history":[{"count":4,"href":"https:\/\/blogs.correiobraziliense.com.br\/vicente\/wp-json\/wp\/v2\/posts\/12651\/revisions"}],"predecessor-version":[{"id":12655,"href":"https:\/\/blogs.correiobraziliense.com.br\/vicente\/wp-json\/wp\/v2\/posts\/12651\/revisions\/12655"}],"wp:attachment":[{"href":"https:\/\/blogs.correiobraziliense.com.br\/vicente\/wp-json\/wp\/v2\/media?parent=12651"}],"wp:term":[{"taxonomy":"category","embeddable":true,"href":"https:\/\/blogs.correiobraziliense.com.br\/vicente\/wp-json\/wp\/v2\/categories?post=12651"},{"taxonomy":"post_tag","embeddable":true,"href":"https:\/\/blogs.correiobraziliense.com.br\/vicente\/wp-json\/wp\/v2\/tags?post=12651"}],"curies":[{"name":"wp","href":"https:\/\/api.w.org\/{rel}","templated":true}]}}