{"id":12636,"date":"2020-01-07T21:29:07","date_gmt":"2020-01-08T00:29:07","guid":{"rendered":"https:\/\/blogs.correiobraziliense.com.br\/vicente\/?p=12636"},"modified":"2020-01-07T21:33:59","modified_gmt":"2020-01-08T00:33:59","slug":"ataques-do-ira-mexem-com-os-mercados-bolsas-caem-e-petroleo-sobe","status":"publish","type":"post","link":"https:\/\/blogs.correiobraziliense.com.br\/vicente\/ataques-do-ira-mexem-com-os-mercados-bolsas-caem-e-petroleo-sobe\/","title":{"rendered":"Ataques do Ir\u00e3 mexem com os mercados. Bolsas caem e petr\u00f3leo sobe"},"content":{"rendered":"<p>ROSANA HESSEL<\/p>\n<p>&nbsp;<\/p>\n<p>Os ataques do Ir\u00e3 a pelo menos duas bases que abrigam for\u00e7as norte-americanas no Iraque, na noite desta ter\u00e7a-feira (07\/01), mexeram com os mercados futuros, com bolsas caindo e petr\u00f3leo subindo. A expectativa \u00e9 que a Bolsa de Valores de S\u00e3o Paulo (B3) tenha novo dia de queda amanh\u00e3.<\/p>\n<p>&nbsp;<\/p>\n<p>Logo ap\u00f3s as primeiras not\u00edcias sobre o primeiro bombardeio de m\u00edsseis em Bagd\u00e1, os \u00edndices futuros das bolsas dos Estados Unidos, recuaram pouco mais de 1%. Enquanto isso, os contratos do barril do petr\u00f3leo tipo Brent com vencimento em fevereiro eram negociados em alta de 3,38%, a US$ 64,79. O ouro tamb\u00e9m registrou valoriza\u00e7\u00e3o, subindo 1,23% na sequ\u00eancia das not\u00edcias sobre o ataque iraniano.<\/p>\n<p>&nbsp;<\/p>\n<p>A resposta do Ir\u00e3 ao bombardeio dos Estados Unidos\u00a0 aconteceu depois dos tr\u00eas dias de luto em homenagem ao general da Guarda Revolucion\u00e1ria Isl\u00e2mica, Qasem Soleimani, morto no \u00faltimo dia 3 em decorr\u00eancia de um ataque de m\u00edssil americano ao ve\u00edculo ocupado pelo militar em Bagd\u00e1.\u00a0 Ainda n\u00e3o foram divulgados os danos do ataque, mas o Pent\u00e1gono disse que &#8220;tomar\u00e1 todos as medidas necess\u00e1rias para defender os americanos, parceiros e aliados na regi\u00e3o&#8221;, segundo as ag\u00eancias de not\u00edcias.<\/p>\n<p>&nbsp;<\/p>\n<p>\u201cApesar dessa retalia\u00e7\u00e3o do Ir\u00e3 ser esperada, o mercado futuro j\u00e1 est\u00e1 reagindo negativamente e acho que vamos ter um dia de queda amanh\u00e3 nas bolsas, com petr\u00f3leo em alta\u201d, apostou o economista-chefe da Necton Investimentos, Andr\u00e9 Perfeito. Ele estima que, se os EUA revidarem e o Ir\u00e3 fechar estreito de Ormuz, pode haver um impacto maior nos pre\u00e7os do petr\u00f3leo.\u00a0 \u201cEsse cen\u00e1rio pode ser positivo para as a\u00e7\u00f5es de algumas empresas, como Petrobras, que devem valorizar. Mas estou curioso para ver como \u00e9 que o d\u00f3lar vai se comportar, porque ele deve subir de forma mais difusa, gerando preocupa\u00e7\u00e3o com a infla\u00e7\u00e3o um pouco mais \u00e0 frente\u201d, destacou.<\/p>\n<p>&nbsp;<\/p>\n<p>O \u00cdndice Bovespa encerrou hoje com queda de 0,18%, a 116.662 pontos. O d\u00f3lar fechou a R$ 4,07, com alta de 0,07%.<\/p>\n","protected":false},"excerpt":{"rendered":"<p>ROSANA HESSEL &nbsp; Os ataques do Ir\u00e3 a pelo menos duas bases que abrigam for\u00e7as norte-americanas no Iraque, na noite desta ter\u00e7a-feira (07\/01), mexeram com os mercados futuros, com bolsas caindo e petr\u00f3leo subindo. A expectativa \u00e9 que a Bolsa de Valores de S\u00e3o Paulo (B3) tenha novo dia de queda amanh\u00e3. &nbsp; Logo ap\u00f3s [&hellip;]<\/p>\n","protected":false},"author":22,"featured_media":0,"comment_status":"open","ping_status":"closed","sticky":false,"template":"","format":"standard","meta":{"footnotes":""},"categories":[600],"tags":[3561,363,3835,4345,1459],"class_list":["post-12636","post","type-post","status-publish","format-standard","hentry","category-economia","tag-bolsas","tag-estados-unidos","tag-ira","tag-iraque","tag-petroleo"],"_links":{"self":[{"href":"https:\/\/blogs.correiobraziliense.com.br\/vicente\/wp-json\/wp\/v2\/posts\/12636","targetHints":{"allow":["GET"]}}],"collection":[{"href":"https:\/\/blogs.correiobraziliense.com.br\/vicente\/wp-json\/wp\/v2\/posts"}],"about":[{"href":"https:\/\/blogs.correiobraziliense.com.br\/vicente\/wp-json\/wp\/v2\/types\/post"}],"author":[{"embeddable":true,"href":"https:\/\/blogs.correiobraziliense.com.br\/vicente\/wp-json\/wp\/v2\/users\/22"}],"replies":[{"embeddable":true,"href":"https:\/\/blogs.correiobraziliense.com.br\/vicente\/wp-json\/wp\/v2\/comments?post=12636"}],"version-history":[{"count":3,"href":"https:\/\/blogs.correiobraziliense.com.br\/vicente\/wp-json\/wp\/v2\/posts\/12636\/revisions"}],"predecessor-version":[{"id":12639,"href":"https:\/\/blogs.correiobraziliense.com.br\/vicente\/wp-json\/wp\/v2\/posts\/12636\/revisions\/12639"}],"wp:attachment":[{"href":"https:\/\/blogs.correiobraziliense.com.br\/vicente\/wp-json\/wp\/v2\/media?parent=12636"}],"wp:term":[{"taxonomy":"category","embeddable":true,"href":"https:\/\/blogs.correiobraziliense.com.br\/vicente\/wp-json\/wp\/v2\/categories?post=12636"},{"taxonomy":"post_tag","embeddable":true,"href":"https:\/\/blogs.correiobraziliense.com.br\/vicente\/wp-json\/wp\/v2\/tags?post=12636"}],"curies":[{"name":"wp","href":"https:\/\/api.w.org\/{rel}","templated":true}]}}