{"id":12604,"date":"2020-01-06T10:34:17","date_gmt":"2020-01-06T13:34:17","guid":{"rendered":"https:\/\/blogs.correiobraziliense.com.br\/vicente\/?p=12604"},"modified":"2020-01-06T13:02:15","modified_gmt":"2020-01-06T16:02:15","slug":"enquanto-aumento-de-preco-nao-vem-postos-parcelam-gasolina-no-cartao","status":"publish","type":"post","link":"https:\/\/blogs.correiobraziliense.com.br\/vicente\/enquanto-aumento-de-preco-nao-vem-postos-parcelam-gasolina-no-cartao\/","title":{"rendered":"Enquanto aumento de pre\u00e7o n\u00e3o vem, postos parcelam gasolina no cart\u00e3o"},"content":{"rendered":"<h2>Os donos de postos est\u00e3o atentos a qualquer movimento da Petrobras sobre reajuste nos pre\u00e7os da gasolina. Mas, enquanto o aumento n\u00e3o vem, est\u00e3o parcelando o valor do combust\u00edvel no cart\u00e3o de cr\u00e9dito.<\/h2>\n<p>&nbsp;<\/p>\n<p>Segundo gerentes de v\u00e1rios estabelecimentos, o sinal de alerta sobre pre\u00e7os j\u00e1 foi ligado. Mas a prioridade, neste momento, \u00e9 acelerar as vendas de combust\u00edveis, uma vez que o consumo, por conta das f\u00e9rias, est\u00e1 fraco. Em m\u00e9dia, o litro da gasolina est\u00e1 sendo vendido a R$ 4,399.<\/p>\n<p>&nbsp;<\/p>\n<p>H\u00e1 postos parcelando a gasolina em duas e em tr\u00eas parcelas no cart\u00e3o, sem juros. &#8220;Foi a forma que encontramos para reduzir os estoques&#8221;, diz um gerente de posto. Ele conta que houve uma certa corrida ao estabelecimento no fim de semana, pois muita gente temeu por reajustes de pre\u00e7os. Mas nada de espetacular.<\/p>\n<p>&nbsp;<\/p>\n<p>A pergunta que mais se faz nos postos hoje \u00e9 quando a Petrobras repassar\u00e1 para as refinarias a alta das cota\u00e7\u00f5es do petr\u00f3leo no mercado internacional. O valor do barril do \u00f3leo est\u00e1 subindo desde sexta-feira (03\/01), depois de um bombardeio dos Estados Unidos no Iraque, que matou o general iraniano Qasem Soleimani.<\/p>\n<p>&nbsp;<\/p>\n<p><strong>Bolsonaro<\/strong><\/p>\n<p>&nbsp;<\/p>\n<p>A preocupa\u00e7\u00e3o com os pre\u00e7os dos combust\u00edveis n\u00e3o se resume a consumidores e empres\u00e1rios.\u00a0 O presidente Jair Bolsonaro convocou para esta segunda-feira (06\/01) uma reuni\u00e3o com integrantes da equipe econ\u00f4mica e com o presidente da Petrobras, Roberto Castello Branco, para saber como a estatal proceder\u00e1 neste momento.<\/p>\n<p>&nbsp;<\/p>\n<p>Em nota, a Petrobras afirmou que decidir\u00e1 &#8220;oportunamente&#8221; sobre os ajustes nos pre\u00e7os de seus produtos. A empresa diz que n\u00e3o se pauta mais sobre a pol\u00edtica de ajuste di\u00e1rio nos valores dos combust\u00edveis, como ocorria no governo de Michel Temer.<\/p>\n<p>&nbsp;<\/p>\n<p>A maior preocupa\u00e7\u00e3o de Bolsonaro, na quest\u00e3o dos combust\u00edveis, \u00e9 com os caminhoneiros. Esses profissionais j\u00e1 fizeram chegar ao Pal\u00e1cio do Planalto informa\u00e7\u00f5es de que n\u00e3o aceitam reajustes nos pre\u00e7os do diesel, mesmo diante da disparada das cota\u00e7\u00f5es do petr\u00f3leo no mercado internacional.<\/p>\n<p>&nbsp;<\/p>\n<p>Para Bolsonaro, uma eventual paralisa\u00e7\u00e3o de caminhoneiros neste momento, por causa da alta dos pre\u00e7os de combust\u00edveis, seria muito ruim. Na vis\u00e3o dele, isso deve ser evitado a qualquer custo. Entre os investidores, o maior temor \u00e9 de que o governo intervenha na Petrobras para segurar os pre\u00e7os da gasolina e do diesel, como ocorreu na administra\u00e7\u00e3o de Dilma Rousseff.<\/p>\n<p>&nbsp;<\/p>\n<p><em>Bras\u00edlia, 10h34min<\/em><\/p>\n","protected":false},"excerpt":{"rendered":"<p>Os donos de postos est\u00e3o atentos a qualquer movimento da Petrobras sobre reajuste nos pre\u00e7os da gasolina. Mas, enquanto o aumento n\u00e3o vem, est\u00e3o parcelando o valor do combust\u00edvel no cart\u00e3o de cr\u00e9dito. &nbsp; Segundo gerentes de v\u00e1rios estabelecimentos, o sinal de alerta sobre pre\u00e7os j\u00e1 foi ligado. Mas a prioridade, neste momento, \u00e9 acelerar [&hellip;]<\/p>\n","protected":false},"author":22,"featured_media":12605,"comment_status":"open","ping_status":"closed","sticky":false,"template":"","format":"standard","meta":{"footnotes":""},"categories":[600],"tags":[2554,363,268,3835,1459,390,124],"class_list":["post-12604","post","type-post","status-publish","format-standard","has-post-thumbnail","hentry","category-economia","tag-bolsonaro","tag-estados-unidos","tag-gasolina","tag-ira","tag-petroleo","tag-precos","tag-reajustes"],"_links":{"self":[{"href":"https:\/\/blogs.correiobraziliense.com.br\/vicente\/wp-json\/wp\/v2\/posts\/12604","targetHints":{"allow":["GET"]}}],"collection":[{"href":"https:\/\/blogs.correiobraziliense.com.br\/vicente\/wp-json\/wp\/v2\/posts"}],"about":[{"href":"https:\/\/blogs.correiobraziliense.com.br\/vicente\/wp-json\/wp\/v2\/types\/post"}],"author":[{"embeddable":true,"href":"https:\/\/blogs.correiobraziliense.com.br\/vicente\/wp-json\/wp\/v2\/users\/22"}],"replies":[{"embeddable":true,"href":"https:\/\/blogs.correiobraziliense.com.br\/vicente\/wp-json\/wp\/v2\/comments?post=12604"}],"version-history":[{"count":1,"href":"https:\/\/blogs.correiobraziliense.com.br\/vicente\/wp-json\/wp\/v2\/posts\/12604\/revisions"}],"predecessor-version":[{"id":12606,"href":"https:\/\/blogs.correiobraziliense.com.br\/vicente\/wp-json\/wp\/v2\/posts\/12604\/revisions\/12606"}],"wp:featuredmedia":[{"embeddable":true,"href":"https:\/\/blogs.correiobraziliense.com.br\/vicente\/wp-json\/wp\/v2\/media\/12605"}],"wp:attachment":[{"href":"https:\/\/blogs.correiobraziliense.com.br\/vicente\/wp-json\/wp\/v2\/media?parent=12604"}],"wp:term":[{"taxonomy":"category","embeddable":true,"href":"https:\/\/blogs.correiobraziliense.com.br\/vicente\/wp-json\/wp\/v2\/categories?post=12604"},{"taxonomy":"post_tag","embeddable":true,"href":"https:\/\/blogs.correiobraziliense.com.br\/vicente\/wp-json\/wp\/v2\/tags?post=12604"}],"curies":[{"name":"wp","href":"https:\/\/api.w.org\/{rel}","templated":true}]}}