{"id":12601,"date":"2020-01-05T18:26:47","date_gmt":"2020-01-05T21:26:47","guid":{"rendered":"https:\/\/blogs.correiobraziliense.com.br\/vicente\/?p=12601"},"modified":"2020-01-05T19:38:06","modified_gmt":"2020-01-05T22:38:06","slug":"tse-convoca-reuniao-extraordinaria-para-discutir-licitacao-de-urnas","status":"publish","type":"post","link":"https:\/\/blogs.correiobraziliense.com.br\/vicente\/tse-convoca-reuniao-extraordinaria-para-discutir-licitacao-de-urnas\/","title":{"rendered":"TSE convoca reuni\u00e3o extraordin\u00e1ria para discutir licita\u00e7\u00e3o de urnas"},"content":{"rendered":"<h2>RENATO SOUZA<\/h2>\n<h2><\/h2>\n<h2>A ministra Rosa Weber, presidente do Superior Tribunal Eleitoral (TSE), convocou sess\u00e3o administrativa extraordin\u00e1ria para a pr\u00f3xima quarta-feira (08\/01). Apesar de o Tribunal s\u00f3 retornar do recesso em 3 de fevereiro, a reuni\u00e3o do plen\u00e1rio ser\u00e1 realizada com anteced\u00eancia para tratar das elei\u00e7\u00f5es municipais deste ano.<\/h2>\n<p>&nbsp;<\/p>\n<p>De acordo com fontes na Corte, um dos processos de licita\u00e7\u00e3o relacionados a urna eletr\u00f4nica est\u00e1 atrasado por conta de recursos que foram interpostos. Na sess\u00e3o, os ministros v\u00e3o discutir como resolver esse problema sem prejudicar o pleito.<\/p>\n<p>&nbsp;<\/p>\n<p>O tema da sess\u00e3o ainda n\u00e3o foi divulgado oficialmente, mas a convoca\u00e7\u00e3o do encontro foi publicado no Di\u00e1rio Eletr\u00f4nico da Justi\u00e7a Eleitoral. Reuni\u00f5es do plen\u00e1rio durante o recesso n\u00e3o s\u00e3o comuns, e ocorrem apenas em situa\u00e7\u00f5es de grande relev\u00e2ncia.<\/p>\n<p>&nbsp;<\/p>\n<p><em>Bras\u00edlia, 18h26min<\/em><\/p>\n","protected":false},"excerpt":{"rendered":"<p>RENATO SOUZA A ministra Rosa Weber, presidente do Superior Tribunal Eleitoral (TSE), convocou sess\u00e3o administrativa extraordin\u00e1ria para a pr\u00f3xima quarta-feira (08\/01). Apesar de o Tribunal s\u00f3 retornar do recesso em 3 de fevereiro, a reuni\u00e3o do plen\u00e1rio ser\u00e1 realizada com anteced\u00eancia para tratar das elei\u00e7\u00f5es municipais deste ano. &nbsp; De acordo com fontes na Corte, [&hellip;]<\/p>\n","protected":false},"author":22,"featured_media":12602,"comment_status":"open","ping_status":"closed","sticky":false,"template":"","format":"standard","meta":{"footnotes":""},"categories":[600],"tags":[665,4339,4341,1217,4340],"class_list":["post-12601","post","type-post","status-publish","format-standard","has-post-thumbnail","hentry","category-economia","tag-eleicoes","tag-licitacao","tag-rosa-weber","tag-tse","tag-urnas"],"_links":{"self":[{"href":"https:\/\/blogs.correiobraziliense.com.br\/vicente\/wp-json\/wp\/v2\/posts\/12601","targetHints":{"allow":["GET"]}}],"collection":[{"href":"https:\/\/blogs.correiobraziliense.com.br\/vicente\/wp-json\/wp\/v2\/posts"}],"about":[{"href":"https:\/\/blogs.correiobraziliense.com.br\/vicente\/wp-json\/wp\/v2\/types\/post"}],"author":[{"embeddable":true,"href":"https:\/\/blogs.correiobraziliense.com.br\/vicente\/wp-json\/wp\/v2\/users\/22"}],"replies":[{"embeddable":true,"href":"https:\/\/blogs.correiobraziliense.com.br\/vicente\/wp-json\/wp\/v2\/comments?post=12601"}],"version-history":[{"count":1,"href":"https:\/\/blogs.correiobraziliense.com.br\/vicente\/wp-json\/wp\/v2\/posts\/12601\/revisions"}],"predecessor-version":[{"id":12603,"href":"https:\/\/blogs.correiobraziliense.com.br\/vicente\/wp-json\/wp\/v2\/posts\/12601\/revisions\/12603"}],"wp:featuredmedia":[{"embeddable":true,"href":"https:\/\/blogs.correiobraziliense.com.br\/vicente\/wp-json\/wp\/v2\/media\/12602"}],"wp:attachment":[{"href":"https:\/\/blogs.correiobraziliense.com.br\/vicente\/wp-json\/wp\/v2\/media?parent=12601"}],"wp:term":[{"taxonomy":"category","embeddable":true,"href":"https:\/\/blogs.correiobraziliense.com.br\/vicente\/wp-json\/wp\/v2\/categories?post=12601"},{"taxonomy":"post_tag","embeddable":true,"href":"https:\/\/blogs.correiobraziliense.com.br\/vicente\/wp-json\/wp\/v2\/tags?post=12601"}],"curies":[{"name":"wp","href":"https:\/\/api.w.org\/{rel}","templated":true}]}}