{"id":12555,"date":"2019-12-25T19:53:34","date_gmt":"2019-12-25T22:53:34","guid":{"rendered":"https:\/\/blogs.correiobraziliense.com.br\/vicente\/?p=12555"},"modified":"2019-12-25T19:59:31","modified_gmt":"2019-12-25T22:59:31","slug":"weintraub-leva-bronca-e-possivel-queda-nao-e-descartada-avaliam-fontes-do-governo","status":"publish","type":"post","link":"https:\/\/blogs.correiobraziliense.com.br\/vicente\/weintraub-leva-bronca-e-possivel-queda-nao-e-descartada-avaliam-fontes-do-governo\/","title":{"rendered":"Weintraub leva bronca e poss\u00edvel queda n\u00e3o \u00e9 descartada, avaliam fontes do governo"},"content":{"rendered":"<p>RODOLFO COSTA<\/p>\n<p>&nbsp;<\/p>\n<p>O ministro da Educa\u00e7\u00e3o, Abraham Weintraub, levou uma bronca depois de ter republicado um coment\u00e1rio cr\u00edtico do youtuber Nando Moura \u00e0 san\u00e7\u00e3o do pacote anticrime com o &#8220;juiz de garantias&#8221; no Twitter. O retu\u00edte repercutiu rapidamente entre membros do alto escal\u00e3o do governo. Ainda n\u00e3o se sabe se a cobran\u00e7a para apagar o coment\u00e1rio saiu do pr\u00f3prio presidente Jair Bolsonaro, mas uma coisa \u00e9 certa entre ministros: pegou mal.<\/p>\n<p>&nbsp;<\/p>\n<p>Ao <strong>Blog<\/strong>, fontes do governo evitam bancar a queda de Weintraub depois do tu\u00edte, mas analisam que mancha a avalia\u00e7\u00e3o que Bolsonaro tem por ele. &#8220;Eu acho que n\u00e3o tem esse risco de ele cair agora. Mas no ano que vem, n\u00e3o apostaria minhas fichas nele&#8221;, ponderou um integrante do alto escal\u00e3o. &#8220;Que tomou uma bronca \u2014 n\u00e3o sei se do presidente ou de algu\u00e9m \u2014, tomou. Repercutiu rapidamente, me mandaram o print at\u00e9. E print \u00e9 aquele neg\u00f3cio, o cara &#8216;printa&#8217; e, agora, ele vai dizer que n\u00e3o, que foi o assessor. Mas isso n\u00e3o cola&#8221;, alertou.<\/p>\n<p>&nbsp;<\/p>\n<p>De acordo com outro integrante do governo, n\u00e3o \u00e9 a primeira vez que a aten\u00e7\u00e3o dele \u00e9 chamada. &#8220;N\u00e3o foi ele a fazer o coment\u00e1rio, mas ele retuitou. Postou, teve a aten\u00e7\u00e3o chamada, como sempre, e retirou. Mas ele fica jogando a pedra na cruz. Por ora, ele permanece, n\u00e3o vai ser por causa do tu\u00edte que o presidente vai demiti-lo. Acho que n\u00e3o tem esse risco, n\u00e3o, mas \u00e9 mais um constrangimento que traz ao governo&#8221;, criticou.<\/p>\n<p>&nbsp;<\/p>\n<p>O ministro da Educa\u00e7\u00e3o evitou se alongar, mas emitiu posicionamento. No Twitter, disse que est\u00e1 em viagem, em um navio, com &#8220;internet intermitente&#8221;.\u00a0&#8220;Fico horas sem internet. Dei RT sem querer em um post. Evidentemente que foi um erro&#8221;, alegou. O coment\u00e1rio republicado \u00e9 um em que Nando Moura critica abertamente o presidente da Rep\u00fablica. &#8220;Bolsonaro, ao sancionar a emenda do (Marcelo) Freixo (PSol-RJ), traiu n\u00e3o s\u00f3 o ministro S\u00e9rgio Moro, mas todo o povo brasileiro&#8221;, acusou.<\/p>\n","protected":false},"excerpt":{"rendered":"<p>RODOLFO COSTA &nbsp; O ministro da Educa\u00e7\u00e3o, Abraham Weintraub, levou uma bronca depois de ter republicado um coment\u00e1rio cr\u00edtico do youtuber Nando Moura \u00e0 san\u00e7\u00e3o do pacote anticrime com o &#8220;juiz de garantias&#8221; no Twitter. O retu\u00edte repercutiu rapidamente entre membros do alto escal\u00e3o do governo. Ainda n\u00e3o se sabe se a cobran\u00e7a para apagar [&hellip;]<\/p>\n","protected":false},"author":22,"featured_media":12560,"comment_status":"open","ping_status":"closed","sticky":false,"template":"","format":"standard","meta":{"footnotes":""},"categories":[600],"tags":[2554,4330,1082,4332,4331,4333],"class_list":["post-12555","post","type-post","status-publish","format-standard","has-post-thumbnail","hentry","category-economia","tag-bolsonaro","tag-garantias","tag-juiz","tag-moura","tag-nando","tag-weintraub"],"_links":{"self":[{"href":"https:\/\/blogs.correiobraziliense.com.br\/vicente\/wp-json\/wp\/v2\/posts\/12555","targetHints":{"allow":["GET"]}}],"collection":[{"href":"https:\/\/blogs.correiobraziliense.com.br\/vicente\/wp-json\/wp\/v2\/posts"}],"about":[{"href":"https:\/\/blogs.correiobraziliense.com.br\/vicente\/wp-json\/wp\/v2\/types\/post"}],"author":[{"embeddable":true,"href":"https:\/\/blogs.correiobraziliense.com.br\/vicente\/wp-json\/wp\/v2\/users\/22"}],"replies":[{"embeddable":true,"href":"https:\/\/blogs.correiobraziliense.com.br\/vicente\/wp-json\/wp\/v2\/comments?post=12555"}],"version-history":[{"count":4,"href":"https:\/\/blogs.correiobraziliense.com.br\/vicente\/wp-json\/wp\/v2\/posts\/12555\/revisions"}],"predecessor-version":[{"id":12564,"href":"https:\/\/blogs.correiobraziliense.com.br\/vicente\/wp-json\/wp\/v2\/posts\/12555\/revisions\/12564"}],"wp:featuredmedia":[{"embeddable":true,"href":"https:\/\/blogs.correiobraziliense.com.br\/vicente\/wp-json\/wp\/v2\/media\/12560"}],"wp:attachment":[{"href":"https:\/\/blogs.correiobraziliense.com.br\/vicente\/wp-json\/wp\/v2\/media?parent=12555"}],"wp:term":[{"taxonomy":"category","embeddable":true,"href":"https:\/\/blogs.correiobraziliense.com.br\/vicente\/wp-json\/wp\/v2\/categories?post=12555"},{"taxonomy":"post_tag","embeddable":true,"href":"https:\/\/blogs.correiobraziliense.com.br\/vicente\/wp-json\/wp\/v2\/tags?post=12555"}],"curies":[{"name":"wp","href":"https:\/\/api.w.org\/{rel}","templated":true}]}}