{"id":12553,"date":"2019-12-25T19:17:39","date_gmt":"2019-12-25T22:17:39","guid":{"rendered":"https:\/\/blogs.correiobraziliense.com.br\/vicente\/?p=12553"},"modified":"2019-12-25T19:27:22","modified_gmt":"2019-12-25T22:27:22","slug":"nao-ha-crise-entre-moro-e-bolsonaro-diz-fonte-do-governo","status":"publish","type":"post","link":"https:\/\/blogs.correiobraziliense.com.br\/vicente\/nao-ha-crise-entre-moro-e-bolsonaro-diz-fonte-do-governo\/","title":{"rendered":"&#8216;N\u00e3o h\u00e1 crise entre Moro e Bolsonaro&#8217;, diz fonte do governo"},"content":{"rendered":"<p>RODOLFO COSTA<\/p>\n<p>&nbsp;<\/p>\n<p>A san\u00e7\u00e3o do pacote anticrime com a regulamenta\u00e7\u00e3o do juiz de garantias n\u00e3o abala a rela\u00e7\u00e3o entre o presidente Jair Bolsonaro e o ministro da Justi\u00e7a e Seguran\u00e7a P\u00fablica, S\u00e9rgio Moro. Apesar da nota divulgada pela pasta e do coment\u00e1rio publicado por Moro no Twitter, um membro do alto escal\u00e3o do governo garante ao <strong>Blog<\/strong> que os dois continuam alinhados e tudo foi previamente conversado.<\/p>\n<p>&nbsp;<\/p>\n<p>Tanto a manuten\u00e7\u00e3o do juiz de garantias no pacote anticrime como os posicionamentos de Moro foram previamente conversados entre os dois. &#8220;Acabei de falar com o Moro e o tu\u00edte dele foi zero estresse. N\u00e3o h\u00e1 crise entre o ministro e o presidente. Pediu que o presidente vetasse, mas os dois conversaram antes. Ele foi sincero, n\u00e3o critica o presidente em nada. O &#8216;apesar disso&#8217; n\u00e3o diz nada&#8221;, afirmou.<\/p>\n<p>&nbsp;<\/p>\n<p>Em publica\u00e7\u00e3o no Twitter, Moro comenta sobre a san\u00e7\u00e3o do projeto anticrime e avalia que n\u00e3o \u00e9 o texto &#8220;dos sonhos&#8221;, mas ressalta que &#8220;cont\u00e9m avan\u00e7os&#8221;. &#8220;Sempre me posicionei contra algumas inser\u00e7\u00f5es feitas pela C\u00e2mara no texto origin\u00e1rio, como o juiz de garantias. Apesar disso, vamos em frente&#8221;, declarou.<\/p>\n","protected":false},"excerpt":{"rendered":"<p>RODOLFO COSTA &nbsp; A san\u00e7\u00e3o do pacote anticrime com a regulamenta\u00e7\u00e3o do juiz de garantias n\u00e3o abala a rela\u00e7\u00e3o entre o presidente Jair Bolsonaro e o ministro da Justi\u00e7a e Seguran\u00e7a P\u00fablica, S\u00e9rgio Moro. Apesar da nota divulgada pela pasta e do coment\u00e1rio publicado por Moro no Twitter, um membro do alto escal\u00e3o do governo [&hellip;]<\/p>\n","protected":false},"author":22,"featured_media":0,"comment_status":"open","ping_status":"closed","sticky":false,"template":"","format":"standard","meta":{"footnotes":""},"categories":[600],"tags":[2554,4330,467,1082,2392,2391],"class_list":["post-12553","post","type-post","status-publish","format-standard","hentry","category-economia","tag-bolsonaro","tag-garantias","tag-governo","tag-juiz","tag-moro","tag-sergio"],"_links":{"self":[{"href":"https:\/\/blogs.correiobraziliense.com.br\/vicente\/wp-json\/wp\/v2\/posts\/12553","targetHints":{"allow":["GET"]}}],"collection":[{"href":"https:\/\/blogs.correiobraziliense.com.br\/vicente\/wp-json\/wp\/v2\/posts"}],"about":[{"href":"https:\/\/blogs.correiobraziliense.com.br\/vicente\/wp-json\/wp\/v2\/types\/post"}],"author":[{"embeddable":true,"href":"https:\/\/blogs.correiobraziliense.com.br\/vicente\/wp-json\/wp\/v2\/users\/22"}],"replies":[{"embeddable":true,"href":"https:\/\/blogs.correiobraziliense.com.br\/vicente\/wp-json\/wp\/v2\/comments?post=12553"}],"version-history":[{"count":4,"href":"https:\/\/blogs.correiobraziliense.com.br\/vicente\/wp-json\/wp\/v2\/posts\/12553\/revisions"}],"predecessor-version":[{"id":12559,"href":"https:\/\/blogs.correiobraziliense.com.br\/vicente\/wp-json\/wp\/v2\/posts\/12553\/revisions\/12559"}],"wp:attachment":[{"href":"https:\/\/blogs.correiobraziliense.com.br\/vicente\/wp-json\/wp\/v2\/media?parent=12553"}],"wp:term":[{"taxonomy":"category","embeddable":true,"href":"https:\/\/blogs.correiobraziliense.com.br\/vicente\/wp-json\/wp\/v2\/categories?post=12553"},{"taxonomy":"post_tag","embeddable":true,"href":"https:\/\/blogs.correiobraziliense.com.br\/vicente\/wp-json\/wp\/v2\/tags?post=12553"}],"curies":[{"name":"wp","href":"https:\/\/api.w.org\/{rel}","templated":true}]}}