{"id":12536,"date":"2019-12-18T12:10:04","date_gmt":"2019-12-18T15:10:04","guid":{"rendered":"https:\/\/blogs.correiobraziliense.com.br\/vicente\/?p=12536"},"modified":"2019-12-18T13:33:27","modified_gmt":"2019-12-18T16:33:27","slug":"durou-pouco-a-alegria-gasolina-sobe-para-quase-r-470","status":"publish","type":"post","link":"https:\/\/blogs.correiobraziliense.com.br\/vicente\/durou-pouco-a-alegria-gasolina-sobe-para-quase-r-470\/","title":{"rendered":"Durou pouco a alegria: gasolina sobe para quase R$ 4,70"},"content":{"rendered":"<h2>CATARINA LOIOLA<\/h2>\n<h2><\/h2>\n<h2>Foi um sopro de al\u00edvio. A queda dos pre\u00e7os da gasolina durou apenas dois dias. Quem passou pelos postos de abastecimento nesta quarta-feira (18\/12) levou um susto com a nova disparada no valor do combust\u00edvel nas bombas. A gasolina est\u00e1 sendo vendida a quase R$ 4,70 o litro.<\/h2>\n<p>&nbsp;<\/p>\n<p>Nos postos do Setor de Ind\u00fastrias Gr\u00e1ficas (SIG), de \u00c1guas Claras e da Asa Sul, a gasolina vem sendo ofertada a R$ 4,689. Em alguns casos, o aumento foi de R$ 0,33 por litro, deixando muitos consumidores indignados. Para eles, n\u00e3o h\u00e1 nada que justifique esse salto.<\/p>\n<p>&nbsp;<\/p>\n<p>Motorista de aplicativos, Paulo Soares, 33 anos, dispara: &#8220;\u00c9 um absurdo. Os postos reduziram os estoques e j\u00e1 se sentiram confort\u00e1veis para aumentar os pre\u00e7os da gasolina nas bombas&#8221;. No entender dele, ser\u00e1 um fim de ano complicado. &#8220;Nossa margem de lucro cair\u00e1 muito justamente num per\u00edodo de maior movimento&#8221;, acrescenta.<\/p>\n<p>&nbsp;<\/p>\n<p>Presidente do\u00a0Sindicato do Com\u00e9rcio Varejista de Combust\u00edveis e de Lubrificantes do Distrito Federal (Sindicombust\u00edveisDF), Paulo Tavares tem dito que h\u00e1 uma s\u00e9rie de fatores para justificar os pre\u00e7os mais altos da gasolina, entre eles, o reajuste do etanol e a necessidade dos postos de fazerem caixa para arcar com custos trabalhistas.<\/p>\n<p>&nbsp;<\/p>\n<p><strong>Descontentamento<\/strong><\/p>\n<p>&nbsp;<\/p>\n<p>Entre os motoristas, esses argumentos n\u00e3o convencem. &#8220;A sensa\u00e7\u00e3o \u00e9 de que estamos sendo explorados&#8221;, frisa a comerciante Sandra Requena, 59. Ela lembra que o pr\u00f3prio presidente da Rep\u00fablica, Jair Bolsonaro, reclamou dos altos pre\u00e7os dos combust\u00edveis. &#8220;Ningu\u00e9m aguenta&#8221;, afirma ela.<\/p>\n<p>&nbsp;<\/p>\n<p>Ao que tudo indica, o fim de ano ser\u00e1 de gasolina mais cara. Os postos v\u00e3o aproveitar esse per\u00edodo para recompor as margens de lucros, que, segundo Paulo Tavares, est\u00e1 abaixo dos 16% considerados aceit\u00e1veis pelo Conselho Administrativo de Defesa da Concorr\u00eancia (Cade).<\/p>\n<p>&nbsp;<\/p>\n<p>O Cade, por sinal, soltou, recentemente, um relat\u00f3rio mostrando que o fim do cartel da gasolina no Distrito Federal tem permitido que os brasilienses economizem at\u00e9 R$ 358 milh\u00f5es por ano.<\/p>\n<p>&nbsp;<\/p>\n<p><em>Bras\u00edlia, 12h10min<\/em><\/p>\n","protected":false},"excerpt":{"rendered":"<p>CATARINA LOIOLA Foi um sopro de al\u00edvio. A queda dos pre\u00e7os da gasolina durou apenas dois dias. Quem passou pelos postos de abastecimento nesta quarta-feira (18\/12) levou um susto com a nova disparada no valor do combust\u00edvel nas bombas. A gasolina est\u00e1 sendo vendida a quase R$ 4,70 o litro. &nbsp; Nos postos do Setor [&hellip;]<\/p>\n","protected":false},"author":22,"featured_media":12537,"comment_status":"open","ping_status":"closed","sticky":false,"template":"","format":"standard","meta":{"footnotes":""},"categories":[600],"tags":[850,755,268,390,3414],"class_list":["post-12536","post","type-post","status-publish","format-standard","has-post-thumbnail","hentry","category-economia","tag-alta","tag-distrito-federal","tag-gasolina","tag-precos","tag-sindicombustiveis"],"_links":{"self":[{"href":"https:\/\/blogs.correiobraziliense.com.br\/vicente\/wp-json\/wp\/v2\/posts\/12536","targetHints":{"allow":["GET"]}}],"collection":[{"href":"https:\/\/blogs.correiobraziliense.com.br\/vicente\/wp-json\/wp\/v2\/posts"}],"about":[{"href":"https:\/\/blogs.correiobraziliense.com.br\/vicente\/wp-json\/wp\/v2\/types\/post"}],"author":[{"embeddable":true,"href":"https:\/\/blogs.correiobraziliense.com.br\/vicente\/wp-json\/wp\/v2\/users\/22"}],"replies":[{"embeddable":true,"href":"https:\/\/blogs.correiobraziliense.com.br\/vicente\/wp-json\/wp\/v2\/comments?post=12536"}],"version-history":[{"count":1,"href":"https:\/\/blogs.correiobraziliense.com.br\/vicente\/wp-json\/wp\/v2\/posts\/12536\/revisions"}],"predecessor-version":[{"id":12538,"href":"https:\/\/blogs.correiobraziliense.com.br\/vicente\/wp-json\/wp\/v2\/posts\/12536\/revisions\/12538"}],"wp:featuredmedia":[{"embeddable":true,"href":"https:\/\/blogs.correiobraziliense.com.br\/vicente\/wp-json\/wp\/v2\/media\/12537"}],"wp:attachment":[{"href":"https:\/\/blogs.correiobraziliense.com.br\/vicente\/wp-json\/wp\/v2\/media?parent=12536"}],"wp:term":[{"taxonomy":"category","embeddable":true,"href":"https:\/\/blogs.correiobraziliense.com.br\/vicente\/wp-json\/wp\/v2\/categories?post=12536"},{"taxonomy":"post_tag","embeddable":true,"href":"https:\/\/blogs.correiobraziliense.com.br\/vicente\/wp-json\/wp\/v2\/tags?post=12536"}],"curies":[{"name":"wp","href":"https:\/\/api.w.org\/{rel}","templated":true}]}}