{"id":12530,"date":"2019-12-16T20:12:21","date_gmt":"2019-12-16T23:12:21","guid":{"rendered":"https:\/\/blogs.correiobraziliense.com.br\/vicente\/?p=12530"},"modified":"2019-12-16T20:49:04","modified_gmt":"2019-12-16T23:49:04","slug":"bolsonaro-derruba-a-bolsa-ao-admitir-analise-da-volta-da-cpmf","status":"publish","type":"post","link":"https:\/\/blogs.correiobraziliense.com.br\/vicente\/bolsonaro-derruba-a-bolsa-ao-admitir-analise-da-volta-da-cpmf\/","title":{"rendered":"Bolsonaro derruba a Bolsa ao admitir an\u00e1lise da volta da CPMF"},"content":{"rendered":"<p><span style=\"font-weight: 400\">ROSANA HESSEL<\/span><\/p>\n<p><span style=\"font-weight: 400\">INGRID SOARES<\/span><\/p>\n<p>&nbsp;<\/p>\n<p><span style=\"font-weight: 400\">O presidente Jair Bolsonaro mostrou, nesta segunda-feira (16\/12),\u00a0 que pode ter terminado a lua de mel com o mercado e vai ter que pensar bem no que fala daqui para frente.\u00a0 Com uma \u00fanica frase, ele foi capaz de fazer com que a Bolsa de Valores de S\u00e3o Paulo (B3) encerrasse o dia no vermelho, mesmo ap\u00f3s\u00a0<\/span>o\u00a0\u00cdndice Bovespa, principal indicador do mercado acion\u00e1rio brasileiro, ter ensaiado um novo recorde, de 113 mil pontos.\u00a0\u00a0<span style=\"font-weight: 400\">Essa queda aconteceu devido \u00e0s declara\u00e7\u00f5es de Bolsonaro admitindo a volta de um imposto sobre transa\u00e7\u00f5es financeiras, semelhante \u00e0 Contribui\u00e7\u00e3o Provis\u00f3ria sobre Movimenta\u00e7\u00e3o Financeira (CPMF). A not\u00edcia deixou agentes operadores que andavam ignorando as falas pol\u00eamicas dos presidente, nervosos. <\/span><\/p>\n<p>&nbsp;<\/p>\n<p><span style=\"font-weight: 400\">&#8220;Todas as alternativas est\u00e3o na mesa&#8221;, afirmou o chefe do Executivo a jornalistas, ap\u00f3s uma reuni\u00e3o com o ministro da Infraestrutura, Tarc\u00edcio Freitas. Nem mesmo sinais positivos de que o risco pa\u00eds continua em torno de 100 pontos para os contratos de CDS (Credit Default Swap) de cinco anos, foram suficientes para conter a derrocada da Bolsa.\u00a0<\/span><span style=\"font-weight: 400\">No fim da tarde, a B3 caiu quase 0,6% e ficou abaixo de 112 mil pontos. Encerrou a 118.896 pontos, com a\u00e7\u00f5es de institui\u00e7\u00f5es financeiras e da Petrobras liderando as baixas.<\/span><\/p>\n<p>&nbsp;<\/p>\n<p>O porta-voz da Rep\u00fablica, Ot\u00e1vio R\u00eago Barros, tentou aparar as arestas e jogar \u00e1gua na fervura ao afirmar que n\u00e3o \u00e9 poss\u00edvel afirmar se eventual nova CPMF pode avan\u00e7ar. &#8220;O presidente reconhece que o trabalho desencadeado pelo minist\u00e9rio da Economia vem colocando o pa\u00eds na trilha da pujan\u00e7a. Essas quest\u00f5es muito t\u00e9cnicas, incluindo CPMF ou coisa que o valha, ainda n\u00e3o est\u00e1 no escantilh\u00e3o do pr\u00f3prio presidente. Eventualmente, pode estar sendo analisado pelo Minist\u00e9rio da Economia, mas n\u00e3o temos dados nem refer\u00eancias mais objetivas para afian\u00e7ar se isso vai adiante ou n\u00e3o&#8221;, afirmou ele, ap\u00f3s o fechamento dos mercados.<\/p>\n<p>&nbsp;<\/p>\n<p><span style=\"font-weight: 400\">Procurado, o Minist\u00e9rio da Economia, n\u00e3o comentou o assunto. \u201cA Bolsa caiu com a not\u00edcia de que o presidente ia analisar a CPMF. Depois, o porta-voz recuou, dizendo que \u00e9 poss\u00edvel e que a an\u00e1lise \u00e9 do (ministro da Economia) Paulo Guedes e n\u00e3o do presidente\u201d, comentou um operador da B3, que admite que, daqui para frente, a volatilidade tende a aumentar. Para ele, que confessou estar mudando posi\u00e7\u00e3o na Bolsa, vai ser dif\u00edcil prever se o mercado, amanh\u00e3, engoliu a explica\u00e7\u00e3o de R\u00eago Barros.\u00a0<\/span><\/p>\n<p>&nbsp;<\/p>\n<p><span style=\"font-weight: 400\">Vale lembrar que a possibilidade da volta da CPMF j\u00e1 causou turbul\u00eancias no governo ao ponto de o ent\u00e3o secret\u00e1rio especial da Receita Federal, Marcos Cintra, principal defensor da ideia, ser demitido em setembro para conter os \u00e2nimos do Congresso para os parlamentares aprovarem a reforma da Previd\u00eancia. Se o presidente quer avan\u00e7ar com novas reformas no ano que vem, vai ser dif\u00edcil ele conseguir negociar uma agenda com propostas que o mercado quer ver se insistir com a CPMF, principalmente, em um ano eleitoral, ou seja, quando n\u00e3o espa\u00e7o algum para uma pauta impopular como aumento de imposto. <\/span><span style=\"font-weight: 400\">A ex-presidente Dilma Rousseff, antes do impeachment, chegou a ensaiar uma volta da CPMF, sem sucesso, para tentar reequilibrar as contas p\u00fablicas.<\/span><\/p>\n<p>&nbsp;<\/p>\n","protected":false},"excerpt":{"rendered":"<p>ROSANA HESSEL INGRID SOARES &nbsp; O presidente Jair Bolsonaro mostrou, nesta segunda-feira (16\/12),\u00a0 que pode ter terminado a lua de mel com o mercado e vai ter que pensar bem no que fala daqui para frente.\u00a0 Com uma \u00fanica frase, ele foi capaz de fazer com que a Bolsa de Valores de S\u00e3o Paulo (B3) [&hellip;]<\/p>\n","protected":false},"author":22,"featured_media":0,"comment_status":"open","ping_status":"closed","sticky":false,"template":"","format":"standard","meta":{"footnotes":""},"categories":[600],"tags":[2393,2554,3615,3613],"class_list":["post-12530","post","type-post","status-publish","format-standard","hentry","category-economia","tag-bolsa","tag-bolsonaro","tag-cpmf","tag-paulo-guedes"],"_links":{"self":[{"href":"https:\/\/blogs.correiobraziliense.com.br\/vicente\/wp-json\/wp\/v2\/posts\/12530","targetHints":{"allow":["GET"]}}],"collection":[{"href":"https:\/\/blogs.correiobraziliense.com.br\/vicente\/wp-json\/wp\/v2\/posts"}],"about":[{"href":"https:\/\/blogs.correiobraziliense.com.br\/vicente\/wp-json\/wp\/v2\/types\/post"}],"author":[{"embeddable":true,"href":"https:\/\/blogs.correiobraziliense.com.br\/vicente\/wp-json\/wp\/v2\/users\/22"}],"replies":[{"embeddable":true,"href":"https:\/\/blogs.correiobraziliense.com.br\/vicente\/wp-json\/wp\/v2\/comments?post=12530"}],"version-history":[{"count":5,"href":"https:\/\/blogs.correiobraziliense.com.br\/vicente\/wp-json\/wp\/v2\/posts\/12530\/revisions"}],"predecessor-version":[{"id":12535,"href":"https:\/\/blogs.correiobraziliense.com.br\/vicente\/wp-json\/wp\/v2\/posts\/12530\/revisions\/12535"}],"wp:attachment":[{"href":"https:\/\/blogs.correiobraziliense.com.br\/vicente\/wp-json\/wp\/v2\/media?parent=12530"}],"wp:term":[{"taxonomy":"category","embeddable":true,"href":"https:\/\/blogs.correiobraziliense.com.br\/vicente\/wp-json\/wp\/v2\/categories?post=12530"},{"taxonomy":"post_tag","embeddable":true,"href":"https:\/\/blogs.correiobraziliense.com.br\/vicente\/wp-json\/wp\/v2\/tags?post=12530"}],"curies":[{"name":"wp","href":"https:\/\/api.w.org\/{rel}","templated":true}]}}