{"id":12520,"date":"2019-12-16T13:01:00","date_gmt":"2019-12-16T16:01:00","guid":{"rendered":"https:\/\/blogs.correiobraziliense.com.br\/vicente\/?p=12520"},"modified":"2019-12-16T13:45:56","modified_gmt":"2019-12-16T16:45:56","slug":"gasolina-da-um-alivio-neste-inicio-de-semana-mas-governo-do-df-joga-contra","status":"publish","type":"post","link":"https:\/\/blogs.correiobraziliense.com.br\/vicente\/gasolina-da-um-alivio-neste-inicio-de-semana-mas-governo-do-df-joga-contra\/","title":{"rendered":"Gasolina d\u00e1 um al\u00edvio neste in\u00edcio de semana, mas governo do DF joga contra"},"content":{"rendered":"<h2>CATARINA LOIOLA<\/h2>\n<h2><\/h2>\n<h2>A semana come\u00e7ou com uma boa not\u00edcia aos motoristas: os pre\u00e7os dos combust\u00edveis recuaram em v\u00e1rios postos do Distrito Federal, refletindo a guerra por clientes, uma vez que o consumo caiu. Mas o al\u00edvio pode durar pouco, pois o Governo do Distrito Federal (GDF) aumentou o valor de refer\u00eancia da gasolina para a cobran\u00e7a de impostos.<\/h2>\n<p>&nbsp;<\/p>\n<p><a href=\"https:\/\/blogs.correiobraziliense.com.br\/vicente\/wp-content\/uploads\/sites\/16\/2019\/12\/GasolinaGDF.jpg\"><img loading=\"lazy\" decoding=\"async\" class=\"wp-image-12522 alignleft\" src=\"https:\/\/blogs.correiobraziliense.com.br\/vicente\/wp-content\/uploads\/sites\/16\/2019\/12\/GasolinaGDF.jpg\" alt=\"\" width=\"547\" height=\"366\" srcset=\"https:\/\/blogs.correiobraziliense.com.br\/vicente\/wp-content\/uploads\/sites\/16\/2019\/12\/GasolinaGDF.jpg 929w, https:\/\/blogs.correiobraziliense.com.br\/vicente\/wp-content\/uploads\/sites\/16\/2019\/12\/GasolinaGDF-300x201.jpg 300w, https:\/\/blogs.correiobraziliense.com.br\/vicente\/wp-content\/uploads\/sites\/16\/2019\/12\/GasolinaGDF-768x514.jpg 768w, https:\/\/blogs.correiobraziliense.com.br\/vicente\/wp-content\/uploads\/sites\/16\/2019\/12\/GasolinaGDF-350x234.jpg 350w, https:\/\/blogs.correiobraziliense.com.br\/vicente\/wp-content\/uploads\/sites\/16\/2019\/12\/GasolinaGDF-550x368.jpg 550w, https:\/\/blogs.correiobraziliense.com.br\/vicente\/wp-content\/uploads\/sites\/16\/2019\/12\/GasolinaGDF-230x154.jpg 230w\" sizes=\"auto, (max-width: 547px) 100vw, 547px\" \/><\/a><\/p>\n<p>Com isso, os donos de postos se sentir\u00e3o mais confort\u00e1veis para empurrar pre\u00e7os maiores para a clientela. O valor de refer\u00eancia definido pelo GDF passou para R$ 4,519, quando postos como os de \u00c1guas Claras est\u00e3o cobrando R$ 4,359 por litro. At\u00e9 o fim de semana, a gasolina era vendida a R$ 4,499 nesses estabelecimentos.<\/p>\n<p>&nbsp;<\/p>\n<p>Segundo o presidente do\u00a0Sindicato do Com\u00e9rcio Varejista de Combust\u00edveis e de Lubrificantes do Distrito Federal (Sindicombust\u00edveis-DF), Paulo Tavares, a guerra por clientes est\u00e1 favorecendo os motoristas. Mas, com o aumento do pre\u00e7o de refer\u00eancia para a cobran\u00e7a do Imposto sobre Circula\u00e7\u00e3o e Servi\u00e7os (ICMS), esse quadro pode mudar.<\/p>\n<p>&nbsp;<\/p>\n<p><strong>F\u00e9rias<\/strong><\/p>\n<p>&nbsp;<\/p>\n<p>Os postos reduziram os pre\u00e7os da gasolina porque viram as vendas do combust\u00edveis ca\u00edrem desde o in\u00edcio de dezembro. Com as f\u00e9rias escolares e de muitos servidores p\u00fablicos, o movimento nos postos diminuiu. Para n\u00e3o ficarem com estoques elevados, a op\u00e7\u00e3o dos estabelecimentos comerciais foi a de reduzir os pre\u00e7os, na m\u00e9dia, em R$ 0,14.<\/p>\n<p>&nbsp;<\/p>\n<p>Os pre\u00e7os da gasolina tinham subido rapidamente na primeira semana de dezembro, por causa dos reajustes anunciados pela Petrobras e dos aumentos do etanol. Os postos alegaram que os repasses foram necess\u00e1rios para manter a margem m\u00ednima de lucro, de 7%.<\/p>\n<p>&nbsp;<\/p>\n<p>Os donos de postos est\u00e3o contando com uma ajuda da Petrobras nos pr\u00f3ximos dias para manter o al\u00edvio dado aos motoristas. Como os pre\u00e7os dos d\u00f3lar, que passaram de R$ 4,20, ca\u00edram bem, pode ser que a estatal reveja os valores cobrados nas refinarias. Depois de mais de 50 dias com a tabela de pre\u00e7os congelada, a Petrobras promoveu dois aumentos seguidos da gasolina.<\/p>\n<p>&nbsp;<\/p>\n<p><em>Bras\u00edlia, 13h01min<\/em><\/p>\n","protected":false},"excerpt":{"rendered":"<p>CATARINA LOIOLA A semana come\u00e7ou com uma boa not\u00edcia aos motoristas: os pre\u00e7os dos combust\u00edveis recuaram em v\u00e1rios postos do Distrito Federal, refletindo a guerra por clientes, uma vez que o consumo caiu. Mas o al\u00edvio pode durar pouco, pois o Governo do Distrito Federal (GDF) aumentou o valor de refer\u00eancia da gasolina para a [&hellip;]<\/p>\n","protected":false},"author":22,"featured_media":12521,"comment_status":"open","ping_status":"closed","sticky":false,"template":"","format":"standard","meta":{"footnotes":""},"categories":[600],"tags":[133,1532,355,268,2430,467,269,279],"class_list":["post-12520","post","type-post","status-publish","format-standard","has-post-thumbnail","hentry","category-economia","tag-aumento","tag-df","tag-ferias","tag-gasolina","tag-gdf","tag-governo","tag-preco","tag-queda"],"_links":{"self":[{"href":"https:\/\/blogs.correiobraziliense.com.br\/vicente\/wp-json\/wp\/v2\/posts\/12520","targetHints":{"allow":["GET"]}}],"collection":[{"href":"https:\/\/blogs.correiobraziliense.com.br\/vicente\/wp-json\/wp\/v2\/posts"}],"about":[{"href":"https:\/\/blogs.correiobraziliense.com.br\/vicente\/wp-json\/wp\/v2\/types\/post"}],"author":[{"embeddable":true,"href":"https:\/\/blogs.correiobraziliense.com.br\/vicente\/wp-json\/wp\/v2\/users\/22"}],"replies":[{"embeddable":true,"href":"https:\/\/blogs.correiobraziliense.com.br\/vicente\/wp-json\/wp\/v2\/comments?post=12520"}],"version-history":[{"count":1,"href":"https:\/\/blogs.correiobraziliense.com.br\/vicente\/wp-json\/wp\/v2\/posts\/12520\/revisions"}],"predecessor-version":[{"id":12523,"href":"https:\/\/blogs.correiobraziliense.com.br\/vicente\/wp-json\/wp\/v2\/posts\/12520\/revisions\/12523"}],"wp:featuredmedia":[{"embeddable":true,"href":"https:\/\/blogs.correiobraziliense.com.br\/vicente\/wp-json\/wp\/v2\/media\/12521"}],"wp:attachment":[{"href":"https:\/\/blogs.correiobraziliense.com.br\/vicente\/wp-json\/wp\/v2\/media?parent=12520"}],"wp:term":[{"taxonomy":"category","embeddable":true,"href":"https:\/\/blogs.correiobraziliense.com.br\/vicente\/wp-json\/wp\/v2\/categories?post=12520"},{"taxonomy":"post_tag","embeddable":true,"href":"https:\/\/blogs.correiobraziliense.com.br\/vicente\/wp-json\/wp\/v2\/tags?post=12520"}],"curies":[{"name":"wp","href":"https:\/\/api.w.org\/{rel}","templated":true}]}}