{"id":12515,"date":"2019-12-13T14:24:47","date_gmt":"2019-12-13T17:24:47","guid":{"rendered":"https:\/\/blogs.correiobraziliense.com.br\/vicente\/?p=12515"},"modified":"2019-12-13T15:49:56","modified_gmt":"2019-12-13T18:49:56","slug":"bolsonaro-acaba-com-a-multa-extra-de-10-do-fgts-em-caso-de-demissao","status":"publish","type":"post","link":"https:\/\/blogs.correiobraziliense.com.br\/vicente\/bolsonaro-acaba-com-a-multa-extra-de-10-do-fgts-em-caso-de-demissao\/","title":{"rendered":"Bolsonaro acaba com a multa extra de 10% do FGTS em caso de demiss\u00e3o"},"content":{"rendered":"<h2>Depois de recuar e vetar a distribui\u00e7\u00e3o de 100% dos lucros do Fundo de Garantia do Tempo de Servi\u00e7o (FGTS) aos trabalhadores, o presidente Jair Bolsonaro acabou com a multa adicional de 10% do fundo paga pelas empresas \u00e0 Uni\u00e3o em casos de demiss\u00f5es sem justa causa.<\/h2>\n<p>&nbsp;<\/p>\n<p>A regra valer\u00e1 a partir de 1\u00ba de janeiro de 2020. A alega\u00e7\u00e3o do governo \u00e9 de que o fim dessa multa reduzir\u00e1 o custo de um empregado para as empresas. Tamb\u00e9m dar\u00e1 uma ajuda ao Tesouro Nacional, pois esse dinheiro \u00e9 contabilizado como despesa nas contas p\u00fablicas ao ser repassado para o FGTS.<\/p>\n<p>&nbsp;<\/p>\n<p>Os 10% de multa adicional foram\u00a0criados por uma lei complementar de 2001, no governo de Fernando Henrique Cardoso, para ajudar na devolu\u00e7\u00e3o de uma quantia bilion\u00e1ria aos trabalhadores. Mesmo depois de liquidada a fatura, o governo manteve a multa.<\/p>\n<p>&nbsp;<\/p>\n<p>O fim dos 10% extras foi inclu\u00eddo pelo Congresso na Medida Provis\u00f3ria 889, que tratou da libera\u00e7\u00e3o dos saques do FGTS. A MP foi convertida na Lei n\u00ba 13.932,\u00a0 publicada na edi\u00e7\u00e3o de quinta-feira (12\/12) do <em>Di\u00e1rio Oficial da Uni\u00e3o<\/em> (DOU).<\/p>\n<p>&nbsp;<\/p>\n<p><strong>Mais empregos<\/strong><\/p>\n<p>&nbsp;<\/p>\n<p>Os especialistas explicam que, hoje, no total, as empresas pagam 50% de multa sobre o FGTS quando um trabalhador\u00a0\u00e9 demitido sem justa causa. Desse total, 40% v\u00e3o para o empregado demitido e 10% seguem para o governo.<\/p>\n<p>&nbsp;<\/p>\n<p>No ano passado, esses 10% de multa adicional arrecadaram R$ 5 bilh\u00f5es. Mas, para o governo e para o Congresso, esse adicional j\u00e1 cumpriu sua miss\u00e3o. Agora, a prioridade \u00e9 baratear as contrata\u00e7\u00f5es para que o pa\u00eds possa criar mais empregos. O governo aposta que, at\u00e9 o meio do ano, a taxa de desemprego cair\u00e1 para abaixo de 11%, devido \u00e0 retomada a economia.<\/p>\n<p>&nbsp;<\/p>\n<p>H\u00e1 um forte otimismo entre os t\u00e9cnicos da equipe econ\u00f4mica e no mercado financeiro quanto a um ritmo mais forte da atividade em 2020. O secret\u00e1rio de Pol\u00edtica Econ\u00f4mica do Minist\u00e9rio da Economia, Adolfo Sachsida, j\u00e1 prev\u00ea avan\u00e7o do Produto Interno Bruto (PIB) entre 2,5% e 3%.<\/p>\n<p>&nbsp;<\/p>\n<p><em>Bras\u00edlia, 14h24min<\/em><\/p>\n","protected":false},"excerpt":{"rendered":"<p>Depois de recuar e vetar a distribui\u00e7\u00e3o de 100% dos lucros do Fundo de Garantia do Tempo de Servi\u00e7o (FGTS) aos trabalhadores, o presidente Jair Bolsonaro acabou com a multa adicional de 10% do fundo paga pelas empresas \u00e0 Uni\u00e3o em casos de demiss\u00f5es sem justa causa. &nbsp; A regra valer\u00e1 a partir de 1\u00ba [&hellip;]<\/p>\n","protected":false},"author":22,"featured_media":11400,"comment_status":"open","ping_status":"closed","sticky":false,"template":"","format":"standard","meta":{"footnotes":""},"categories":[600],"tags":[26,2554,507,2872,2382,2987],"class_list":["post-12515","post","type-post","status-publish","format-standard","has-post-thumbnail","hentry","category-economia","tag-26","tag-bolsonaro","tag-fgts","tag-fim","tag-mp","tag-multa"],"_links":{"self":[{"href":"https:\/\/blogs.correiobraziliense.com.br\/vicente\/wp-json\/wp\/v2\/posts\/12515","targetHints":{"allow":["GET"]}}],"collection":[{"href":"https:\/\/blogs.correiobraziliense.com.br\/vicente\/wp-json\/wp\/v2\/posts"}],"about":[{"href":"https:\/\/blogs.correiobraziliense.com.br\/vicente\/wp-json\/wp\/v2\/types\/post"}],"author":[{"embeddable":true,"href":"https:\/\/blogs.correiobraziliense.com.br\/vicente\/wp-json\/wp\/v2\/users\/22"}],"replies":[{"embeddable":true,"href":"https:\/\/blogs.correiobraziliense.com.br\/vicente\/wp-json\/wp\/v2\/comments?post=12515"}],"version-history":[{"count":1,"href":"https:\/\/blogs.correiobraziliense.com.br\/vicente\/wp-json\/wp\/v2\/posts\/12515\/revisions"}],"predecessor-version":[{"id":12516,"href":"https:\/\/blogs.correiobraziliense.com.br\/vicente\/wp-json\/wp\/v2\/posts\/12515\/revisions\/12516"}],"wp:featuredmedia":[{"embeddable":true,"href":"https:\/\/blogs.correiobraziliense.com.br\/vicente\/wp-json\/wp\/v2\/media\/11400"}],"wp:attachment":[{"href":"https:\/\/blogs.correiobraziliense.com.br\/vicente\/wp-json\/wp\/v2\/media?parent=12515"}],"wp:term":[{"taxonomy":"category","embeddable":true,"href":"https:\/\/blogs.correiobraziliense.com.br\/vicente\/wp-json\/wp\/v2\/categories?post=12515"},{"taxonomy":"post_tag","embeddable":true,"href":"https:\/\/blogs.correiobraziliense.com.br\/vicente\/wp-json\/wp\/v2\/tags?post=12515"}],"curies":[{"name":"wp","href":"https:\/\/api.w.org\/{rel}","templated":true}]}}