{"id":12500,"date":"2019-12-12T17:40:46","date_gmt":"2019-12-12T20:40:46","guid":{"rendered":"https:\/\/blogs.correiobraziliense.com.br\/vicente\/?p=12500"},"modified":"2019-12-12T21:31:39","modified_gmt":"2019-12-13T00:31:39","slug":"bolsonaro-veta-distribuicao-total-dos-lucros-do-fgts-a-trabalhadores","status":"publish","type":"post","link":"https:\/\/blogs.correiobraziliense.com.br\/vicente\/bolsonaro-veta-distribuicao-total-dos-lucros-do-fgts-a-trabalhadores\/","title":{"rendered":"Bolsonaro veta distribui\u00e7\u00e3o total dos lucros do FGTS a trabalhadores"},"content":{"rendered":"<h2>RODOLFO COSTA<\/h2>\n<h2>Nem tudo s\u00e3o boas not\u00edcias em rela\u00e7\u00e3o ao Fundo de Garantia do Tempo de Servi\u00e7o (FGTS). A pedido do ministro da Integra\u00e7\u00e3o Regional, Gustavo Canuto, presidente Jair Bolsonaro voltou atr\u00e1s e vetou proposta aprovada pelo Congresso de distribui\u00e7\u00e3o de 100% dos lucros do fundo aos trabalhadores. Assim, fica como est\u00e1 hoje: ser\u00e3o distribu\u00eddos 50% dos lucros do FGTS.<\/h2>\n<p>&nbsp;<\/p>\n<p>Neste ano, foram repassados aos trabalhadores mais de R$ 12 bilh\u00f5es em forma de lucro, ou seja 100% dos ganhos do fundo, j\u00e1 que a Medida Provis\u00f3ria 889 estava em vigor. Com isso, o rendimento dos FGTS chegou a 6,18%, mais do que o dobro do m\u00ednimo previsto em lei, de 3% ao ano al\u00e9m da varia\u00e7\u00e3o da Taxa Referencial (TR).<\/p>\n<p>&nbsp;<\/p>\n<p>Segundo especialistas, mesmo com os 50% dos lucros, certamente o ganho do FGTS ser\u00e1 superior ao da caderneta de poupan\u00e7a, que passar\u00e1 a render apenas 3,15%, o correspondente a 70% da taxa b\u00e1sica de juros (Selic), reduzida a 4,5% ao ano pelo Banco Central.<\/p>\n<p>&nbsp;<\/p>\n<p><strong>Minha Casa<\/strong><\/p>\n<p>&nbsp;<\/p>\n<p>A pedido tamb\u00e9m do Minist\u00e9rio do Desenvolvimento Regional, Bolsonaro vetou, tamb\u00e9m, a proposta inclu\u00edda pelo Congresso na MP que limitava os subs\u00eddios do Fundo de Garantia ao programa Minha Casa Minha Vida. Est\u00e3o mantidos, portanto, R$ 9 bilh\u00f5es reservados ao programa habitacional no or\u00e7amento de 2020, que ainda precisa ser aprovado pelo Legislativo.<\/p>\n<p>&nbsp;<\/p>\n<p>&#8220;Tal proposta contraria o interesse p\u00fablico, pois reduz drasticamente os descontos concedidos para fam\u00edlias de baixa renda no Programa Minha Casa Minha Vida, reduzindo o acesso ao Programa pela camada mais necessitada da sociedade, bem como aumenta o lucro do FGTS de forma a favorecer as camadas sociais de maior poder aquisitivo, que s\u00e3o as que possuem maior volume de dep\u00f3sitos e saldos na conta do FGTS\u201d, diz a justificativa para o veto.<\/p>\n<p>&nbsp;<\/p>\n<p>Os vetos de Bolsonaro sa\u00edram no mesmo dia em que o presidente autorizou saques adicionais do FGTS. Al\u00e9m dos R$ 500 j\u00e1 liberados, ser\u00e3o disponibilizados mais R$ 498, totalizando R$ 998. a expectativa \u00e9 de que essa libera\u00e7\u00e3o adicional injete quase R$ 3 bilh\u00f5es na economia.<\/p>\n<p>&nbsp;<\/p>\n<p><em>Bras\u00edlia, 17h40min<\/em><\/p>\n<p>&nbsp;<\/p>\n","protected":false},"excerpt":{"rendered":"<p>RODOLFO COSTA Nem tudo s\u00e3o boas not\u00edcias em rela\u00e7\u00e3o ao Fundo de Garantia do Tempo de Servi\u00e7o (FGTS). A pedido do ministro da Integra\u00e7\u00e3o Regional, Gustavo Canuto, presidente Jair Bolsonaro voltou atr\u00e1s e vetou proposta aprovada pelo Congresso de distribui\u00e7\u00e3o de 100% dos lucros do fundo aos trabalhadores. Assim, fica como est\u00e1 hoje: ser\u00e3o distribu\u00eddos [&hellip;]<\/p>\n","protected":false},"author":22,"featured_media":11400,"comment_status":"open","ping_status":"closed","sticky":false,"template":"","format":"standard","meta":{"footnotes":""},"categories":[600],"tags":[2554,507,4320,54],"class_list":["post-12500","post","type-post","status-publish","format-standard","has-post-thumbnail","hentry","category-economia","tag-bolsonaro","tag-fgts","tag-lucros","tag-saques"],"_links":{"self":[{"href":"https:\/\/blogs.correiobraziliense.com.br\/vicente\/wp-json\/wp\/v2\/posts\/12500","targetHints":{"allow":["GET"]}}],"collection":[{"href":"https:\/\/blogs.correiobraziliense.com.br\/vicente\/wp-json\/wp\/v2\/posts"}],"about":[{"href":"https:\/\/blogs.correiobraziliense.com.br\/vicente\/wp-json\/wp\/v2\/types\/post"}],"author":[{"embeddable":true,"href":"https:\/\/blogs.correiobraziliense.com.br\/vicente\/wp-json\/wp\/v2\/users\/22"}],"replies":[{"embeddable":true,"href":"https:\/\/blogs.correiobraziliense.com.br\/vicente\/wp-json\/wp\/v2\/comments?post=12500"}],"version-history":[{"count":4,"href":"https:\/\/blogs.correiobraziliense.com.br\/vicente\/wp-json\/wp\/v2\/posts\/12500\/revisions"}],"predecessor-version":[{"id":12508,"href":"https:\/\/blogs.correiobraziliense.com.br\/vicente\/wp-json\/wp\/v2\/posts\/12500\/revisions\/12508"}],"wp:featuredmedia":[{"embeddable":true,"href":"https:\/\/blogs.correiobraziliense.com.br\/vicente\/wp-json\/wp\/v2\/media\/11400"}],"wp:attachment":[{"href":"https:\/\/blogs.correiobraziliense.com.br\/vicente\/wp-json\/wp\/v2\/media?parent=12500"}],"wp:term":[{"taxonomy":"category","embeddable":true,"href":"https:\/\/blogs.correiobraziliense.com.br\/vicente\/wp-json\/wp\/v2\/categories?post=12500"},{"taxonomy":"post_tag","embeddable":true,"href":"https:\/\/blogs.correiobraziliense.com.br\/vicente\/wp-json\/wp\/v2\/tags?post=12500"}],"curies":[{"name":"wp","href":"https:\/\/api.w.org\/{rel}","templated":true}]}}