{"id":12494,"date":"2019-12-12T11:57:57","date_gmt":"2019-12-12T14:57:57","guid":{"rendered":"https:\/\/blogs.correiobraziliense.com.br\/vicente\/?p=12494"},"modified":"2019-12-12T12:56:19","modified_gmt":"2019-12-12T15:56:19","slug":"clima-de-otimismo-no-mercado-faz-b3-ficar-acima-de-112-mil-pontos","status":"publish","type":"post","link":"https:\/\/blogs.correiobraziliense.com.br\/vicente\/clima-de-otimismo-no-mercado-faz-b3-ficar-acima-de-112-mil-pontos\/","title":{"rendered":"Clima de otimismo no mercado faz B3 ficar acima de 112 mil pontos"},"content":{"rendered":"<p><span style=\"font-weight: 400\">ROSANA HESSEL<\/span><\/p>\n<p>&nbsp;<\/p>\n<p><span style=\"font-weight: 400\">A Bolsa de Valores de S\u00e3o Paulo (B3) j\u00e1 est\u00e1 acima de 112 mil pontos, em novo recorde nesta quinta-feira (12\/12), embalada com not\u00edcias positivas da v\u00e9spera, como a aprova\u00e7\u00e3o da MP do Saneamento com a melhora da perspectiva da nota do Brasil anunciada pela Standard &amp; Poor\u2019s. A expectativa \u00e9 que as demais ag\u00eancias internacionais de classifica\u00e7\u00e3o risco fa\u00e7am o mesmo, podendo elevar a nota do Brasil, que perdeu selo de bom pagador em 2015.\u00a0<\/span><\/p>\n<p>&nbsp;<\/p>\n<p><span style=\"font-weight: 400\">Como os operadores do mercado vivem de antecipar expectativas, a B3 abriu em clima otimista, um dia depois de Comit\u00ea de Pol\u00edtica Monet\u00e1ria (Copom), do Banco Central, reduzir mais uma vez a taxa b\u00e1sica de juros (Selic), de 5% para 4,5% ao ano, novo piso hist\u00f3rico.<\/span><\/p>\n<p>&nbsp;<\/p>\n<p><span style=\"font-weight: 400\">\u201cO que mais puxa essa alta da Bolsa foi o Fed (Federal Reserve, o banco central dos Estados Unidos) manter os juros e a Standard &amp; Poor\u2019s melhorar a perspectiva da nota do Brasil. A aprova\u00e7\u00e3o da novo marco regulat\u00f3rio do saneamento tamb\u00e9m animou o mercado, porque dever\u00e1 atrair investimentos e gerar empregos nas obras. Isso d\u00e1 mais confian\u00e7a de que outras reformas ser\u00e3o aprovadas\u201d, afirmou Pablo Spyer, diretor da Mirae Asset.\u00a0<\/span><\/p>\n<p>&nbsp;<\/p>\n<p><b>Perspectiva\u00a0<\/b><\/p>\n<p>&nbsp;<\/p>\n<p><span style=\"font-weight: 400\">Ontem, a norte-americana Standard &amp; Poor\u2019s\u00a0 melhorou a perspectiva da nota de risco do pa\u00eds, de est\u00e1vel para positiva, e reafirmou a classifica\u00e7\u00e3o dos t\u00edtulos soberanos brasileiros em BB-, menor patamar desde 2005, a tr\u00eas degraus do n\u00edvel de investimento. A S&amp;P foi a primeira ag\u00eancia a conceder e a retirar o selo de bom pagador do Brasil.\u00a0<\/span><\/p>\n<p>&nbsp;<\/p>\n<p><span style=\"font-weight: 400\">A mudan\u00e7a na perspectiva \u00e9 primeiro passo antes de haver uma eleva\u00e7\u00e3o da nota de um pa\u00eds. No comunicado, a S&amp;P fez elogios \u00e0 aprova\u00e7\u00e3o da reforma da Previd\u00eancia, mas v\u00e1rias ressalvas sobre a necessidade de continuidade das reformas estruturais. Ainda refor\u00e7ou que um upgrade pode ocorrer \u201cdentro de dois anos\u201d, e, para que isso ocorra, \u00e9 preciso que a tend\u00eancia de crescimento da d\u00edvida p\u00fablica se estabilize.\u00a0<\/span><\/p>\n<p>&nbsp;<\/p>\n<p><span style=\"font-weight: 400\">Para atualizar a nota do Brasil, a S&amp;P sinaliza a necessidade de \u201cmais progresso\u201d na agenda de privatiza\u00e7\u00f5es e em medidas que consigam reduzir, de forma mais r\u00e1pida, os rombos das contas p\u00fablicas, considerados elevados pela ag\u00eancia.\u00a0\u00a0<\/span><span style=\"font-weight: 400\">As estimativas da S&amp;P para a economia brasileira, no entanto, ainda mostram que o quadro fiscal ainda \u00e9 preocupante. A d\u00edvida p\u00fablica bruta continuar\u00e1 crescendo at\u00e9 2022, chegando ao pico de 85,3% do Produto Interno Bruto (PIB), quase o dobro da m\u00e9dia de pa\u00edses emergentes, de 50% do PIB. A institui\u00e7\u00e3o prev\u00ea expans\u00e3o de 1% no PIB deste ano, passando para 2%, em 2020.\u00a0<\/span><\/p>\n<p>&nbsp;<\/p>\n<p><span style=\"font-weight: 400\">A ag\u00eancia ainda sinalizou que os ratings da d\u00edvida soberana brasileira tamb\u00e9m podem ser aprimorados &#8220;se a din\u00e2mica real de crescimento do PIB come\u00e7ar a se comparar mais favoravelmente&#8221; com pares com um n\u00edvel de desenvolvimento econ\u00f4mico acima do esperado, lembrou o economista Alberto Ramos, diretor do Goldman Sachs. \u201cEm nossa avalia\u00e7\u00e3o, reflete uma macro realidade caracterizada por uma recupera\u00e7\u00e3o c\u00edclica gradualmente fortalecida e ampliada em um cen\u00e1rio de infla\u00e7\u00e3o baixa e contida, progresso moderado e\u00a0 modesto diante da agenda de de pol\u00edtica econ\u00f4mica mais ortodoxa e reformista em geral\u201d,destacou Ramos. Ele aposta em mais um corte de 0,25 ponto percentual na Selic no primeiro trimestre de 2020.<\/span><\/p>\n<p>&nbsp;<\/p>\n<p>A expectativa de juros cada vez mais baixos j\u00e1 anima os operadores, porque os investidores acostumados com a renda fixa v\u00e3o ser obrigados a procurar o mercado acion\u00e1rio para obter um retorno maior do investimento. No acumulado do ano, o \u00cdndice Bovespa registra valoriza\u00e7\u00e3o de quase 27%. A poupan\u00e7a, por exemplo, passa a render apenas 3,15% ao ano com a nova Selic.<\/p>\n<p>&nbsp;<\/p>\n<p>&nbsp;<\/p>\n<p>&nbsp;<\/p>\n","protected":false},"excerpt":{"rendered":"<p>ROSANA HESSEL &nbsp; A Bolsa de Valores de S\u00e3o Paulo (B3) j\u00e1 est\u00e1 acima de 112 mil pontos, em novo recorde nesta quinta-feira (12\/12), embalada com not\u00edcias positivas da v\u00e9spera, como a aprova\u00e7\u00e3o da MP do Saneamento com a melhora da perspectiva da nota do Brasil anunciada pela Standard &amp; Poor\u2019s. A expectativa \u00e9 que [&hellip;]<\/p>\n","protected":false},"author":22,"featured_media":0,"comment_status":"open","ping_status":"closed","sticky":false,"template":"","format":"standard","meta":{"footnotes":""},"categories":[600],"tags":[2740,2393,4,58,181,3043],"class_list":["post-12494","post","type-post","status-publish","format-standard","hentry","category-economia","tag-b3","tag-bolsa","tag-juros","tag-pib","tag-recorde","tag-sp"],"_links":{"self":[{"href":"https:\/\/blogs.correiobraziliense.com.br\/vicente\/wp-json\/wp\/v2\/posts\/12494","targetHints":{"allow":["GET"]}}],"collection":[{"href":"https:\/\/blogs.correiobraziliense.com.br\/vicente\/wp-json\/wp\/v2\/posts"}],"about":[{"href":"https:\/\/blogs.correiobraziliense.com.br\/vicente\/wp-json\/wp\/v2\/types\/post"}],"author":[{"embeddable":true,"href":"https:\/\/blogs.correiobraziliense.com.br\/vicente\/wp-json\/wp\/v2\/users\/22"}],"replies":[{"embeddable":true,"href":"https:\/\/blogs.correiobraziliense.com.br\/vicente\/wp-json\/wp\/v2\/comments?post=12494"}],"version-history":[{"count":5,"href":"https:\/\/blogs.correiobraziliense.com.br\/vicente\/wp-json\/wp\/v2\/posts\/12494\/revisions"}],"predecessor-version":[{"id":12499,"href":"https:\/\/blogs.correiobraziliense.com.br\/vicente\/wp-json\/wp\/v2\/posts\/12494\/revisions\/12499"}],"wp:attachment":[{"href":"https:\/\/blogs.correiobraziliense.com.br\/vicente\/wp-json\/wp\/v2\/media?parent=12494"}],"wp:term":[{"taxonomy":"category","embeddable":true,"href":"https:\/\/blogs.correiobraziliense.com.br\/vicente\/wp-json\/wp\/v2\/categories?post=12494"},{"taxonomy":"post_tag","embeddable":true,"href":"https:\/\/blogs.correiobraziliense.com.br\/vicente\/wp-json\/wp\/v2\/tags?post=12494"}],"curies":[{"name":"wp","href":"https:\/\/api.w.org\/{rel}","templated":true}]}}