{"id":12490,"date":"2019-12-12T11:14:30","date_gmt":"2019-12-12T14:14:30","guid":{"rendered":"https:\/\/blogs.correiobraziliense.com.br\/vicente\/?p=12490"},"modified":"2019-12-12T11:39:17","modified_gmt":"2019-12-12T14:39:17","slug":"bndes-ve-bolsonaro-e-os-filhos-dele-como-potenciais-geradores-de-crise","status":"publish","type":"post","link":"https:\/\/blogs.correiobraziliense.com.br\/vicente\/bndes-ve-bolsonaro-e-os-filhos-dele-como-potenciais-geradores-de-crise\/","title":{"rendered":"BNDES v\u00ea Bolsonaro e os filhos dele como potenciais geradores de crise"},"content":{"rendered":"<h2>Em documento para montar estrat\u00e9gia de comunica\u00e7\u00e3o, que acabou resultando na demiss\u00e3o de um funcion\u00e1rio por justa causa, o Banco Nacional de Desenvolvimento Econ\u00f4mico e Social (BNDES) aponta o presidente Jair Bolsonaro e os filhos dele como potenciais geradores de crise.<\/h2>\n<p>&nbsp;<\/p>\n<p>A orienta\u00e7\u00e3o passada em reuni\u00e3o realizada com superintendentes do BNDES em agosto \u00faltimo era de que um grupo de pessoas, entre eles, 15 jornalistas e v\u00e1rios pol\u00edticos, como Bolsonaro e os filhos, deveria ser abordado para evitar que provocassem problemas para a imagem da institui\u00e7\u00e3o.<\/p>\n<p>&nbsp;<\/p>\n<p>As recomenda\u00e7\u00f5es est\u00e3o em um slide do documento intitulado Black Box, ou caixa-preta, \u00e0 qual o atual presidente do BNDES, Gustavo Montezano, assumiu a miss\u00e3o de abrir. Ele, por sinal est\u00e1 calado desde que a crise explodiu no banco depois da demiss\u00e3o sum\u00e1ria de Gustavo Soares, da \u00e1rea da Tecnologia da Informa\u00e7\u00e3o (TI).<\/p>\n<p>&nbsp;<\/p>\n<p>Em nota enviada ao <strong>Blog<\/strong>, a assessoria de imprensa da institui\u00e7\u00e3o estatal diz que &#8220;esse documento preliminar se refere a uma apresenta\u00e7\u00e3o de consultoria externa contratada pelo BNDES. A apresenta\u00e7\u00e3o n\u00e3o representa a opini\u00e3o do banco. Temas sobre os quais a sociedade questionava a atua\u00e7\u00e3o do banco foram apresentados na campanha BNDES Aberto, lan\u00e7ada no m\u00eas passado.<br \/>\nEssas explica\u00e7\u00f5es permanecem dispon\u00edveis de maneira clara e transparente para a sociedade no site aberto.bndes.gov.br.<\/p>\n<p>&nbsp;<\/p>\n<p>&nbsp;<\/p>\n<p>&nbsp;<\/p>\n<p>A apresenta\u00e7\u00e3o sobre estrat\u00e9gias de comunica\u00e7\u00e3o do BNDES foi compartilhada em um arquivo p\u00fablico denominado X. Centenas de funcion\u00e1rios do banco tiveram acesso \u00e0 informa\u00e7\u00e3o, inclusive ao slide da disc\u00f3rdia, que aponta Bolsonaro e os filhos como geradores de crise.<\/p>\n<p>&nbsp;<\/p>\n<p>Apesar de o diret\u00f3rio X ser p\u00fablico, o BNDES abriu uma sindic\u00e2ncia para ver quem havia disponibilizado a apresenta\u00e7\u00e3o no sistema. A sindic\u00e2ncia chegou a Gustavo Soares, que copiou a apresenta\u00e7\u00e3o, como outros colegas, e a enviou por WattsApp para alguns funcion\u00e1rios.<\/p>\n<p>&nbsp;<\/p>\n<p>Gustavo foi demitido por justa causa sem direito de defesa. O resultado da sindic\u00e2ncia est\u00e1 em segredo de Justi\u00e7a. O agora ex-funcion\u00e1rio do BNDES cobra a sua reintegra\u00e7\u00e3o ao quadro de pessoal do banco, alegando inoc\u00eancia e persegui\u00e7\u00e3o. Esse fato explicitou o clima de ca\u00e7a \u00e0s bruxas no BNDES.<\/p>\n<p>&nbsp;<\/p>\n<p>Nesta quinta-feira (12\/12), a Associa\u00e7\u00e3o dos Funcion\u00e1rios do BNDES (AFBNDES) est\u00e1 fazendo uma convoca\u00e7\u00e3o para um ato de defesa de Gustavo. Representantes da associa\u00e7\u00e3o est\u00e3o passando de andar em andar da sede da institui\u00e7\u00e3o, no Rio. A manifesta\u00e7\u00e3o est\u00e1 marcada para sexta-feira, \u00e0s 14h30.<\/p>\n<p>&nbsp;<\/p>\n<p><em>Bras\u00edlia, 11h14min<\/em><\/p>\n","protected":false},"excerpt":{"rendered":"<p>Em documento para montar estrat\u00e9gia de comunica\u00e7\u00e3o, que acabou resultando na demiss\u00e3o de um funcion\u00e1rio por justa causa, o Banco Nacional de Desenvolvimento Econ\u00f4mico e Social (BNDES) aponta o presidente Jair Bolsonaro e os filhos dele como potenciais geradores de crise. &nbsp; A orienta\u00e7\u00e3o passada em reuni\u00e3o realizada com superintendentes do BNDES em agosto \u00faltimo [&hellip;]<\/p>\n","protected":false},"author":22,"featured_media":12436,"comment_status":"open","ping_status":"closed","sticky":false,"template":"","format":"standard","meta":{"footnotes":""},"categories":[600],"tags":[89,2554,179,22,3936,4318,4302,4319],"class_list":["post-12490","post","type-post","status-publish","format-standard","has-post-thumbnail","hentry","category-economia","tag-bndes","tag-bolsonaro","tag-crise","tag-demissao","tag-filhos","tag-gustavo","tag-montezano","tag-soares"],"_links":{"self":[{"href":"https:\/\/blogs.correiobraziliense.com.br\/vicente\/wp-json\/wp\/v2\/posts\/12490","targetHints":{"allow":["GET"]}}],"collection":[{"href":"https:\/\/blogs.correiobraziliense.com.br\/vicente\/wp-json\/wp\/v2\/posts"}],"about":[{"href":"https:\/\/blogs.correiobraziliense.com.br\/vicente\/wp-json\/wp\/v2\/types\/post"}],"author":[{"embeddable":true,"href":"https:\/\/blogs.correiobraziliense.com.br\/vicente\/wp-json\/wp\/v2\/users\/22"}],"replies":[{"embeddable":true,"href":"https:\/\/blogs.correiobraziliense.com.br\/vicente\/wp-json\/wp\/v2\/comments?post=12490"}],"version-history":[{"count":1,"href":"https:\/\/blogs.correiobraziliense.com.br\/vicente\/wp-json\/wp\/v2\/posts\/12490\/revisions"}],"predecessor-version":[{"id":12491,"href":"https:\/\/blogs.correiobraziliense.com.br\/vicente\/wp-json\/wp\/v2\/posts\/12490\/revisions\/12491"}],"wp:featuredmedia":[{"embeddable":true,"href":"https:\/\/blogs.correiobraziliense.com.br\/vicente\/wp-json\/wp\/v2\/media\/12436"}],"wp:attachment":[{"href":"https:\/\/blogs.correiobraziliense.com.br\/vicente\/wp-json\/wp\/v2\/media?parent=12490"}],"wp:term":[{"taxonomy":"category","embeddable":true,"href":"https:\/\/blogs.correiobraziliense.com.br\/vicente\/wp-json\/wp\/v2\/categories?post=12490"},{"taxonomy":"post_tag","embeddable":true,"href":"https:\/\/blogs.correiobraziliense.com.br\/vicente\/wp-json\/wp\/v2\/tags?post=12490"}],"curies":[{"name":"wp","href":"https:\/\/api.w.org\/{rel}","templated":true}]}}