{"id":12484,"date":"2019-12-11T19:50:49","date_gmt":"2019-12-11T22:50:49","guid":{"rendered":"https:\/\/blogs.correiobraziliense.com.br\/vicente\/?p=12484"},"modified":"2019-12-11T19:59:23","modified_gmt":"2019-12-11T22:59:23","slug":"sp-mantem-nota-do-brasil-mas-eleva-perspectiva-para-positiva","status":"publish","type":"post","link":"https:\/\/blogs.correiobraziliense.com.br\/vicente\/sp-mantem-nota-do-brasil-mas-eleva-perspectiva-para-positiva\/","title":{"rendered":"S&amp;P mant\u00e9m nota do Brasil, mas eleva perspectiva para &#8220;positiva&#8221;"},"content":{"rendered":"<p>ROSANA HESSEL<\/p>\n<p>&nbsp;<\/p>\n<p><span style=\"font-weight: 400\">A ag\u00eancia de classifica\u00e7\u00e3o de risco Standard &amp; Poor\u2019s reafirmou a nota do Brasil em BB-, mas elevou de est\u00e1vel para positiva a perspectiva para a avalia\u00e7\u00e3o do risco pa\u00eds de \u201cest\u00e1vel\u201d para \u201cpositiva\u201d, devido, em grande parte, \u00e0 aprova\u00e7\u00e3o da reforma da Previd\u00eancia. Contudo, refor\u00e7ou a preocupa\u00e7\u00e3o com o quadro fiscal, considerado ainda muito ruim pela entidade que reiterou a chance de um upgrade na nota do Brasil &#8220;nos pr\u00f3ximos dois anos&#8221;, se houver estabiliza\u00e7\u00e3o na din\u00e2mica da d\u00edvida p\u00fablica.<\/span><\/p>\n<p>&nbsp;<\/p>\n<p><span style=\"font-weight: 400\">\u201cA revis\u00e3o da perspectiva para positiva de est\u00e1vel reflete nossa vis\u00e3o de que a aprova\u00e7\u00e3o da reforma da Previd\u00eancia e o progresso esperado em outras medidas fiscais, combinadas com um crescimento da economia moderado impulsionado por uma demanda dom\u00e9stica mais forte, poderiam melhorar a posi\u00e7\u00e3o fiscal do Brasil no m\u00e9dio prazo (pr\u00f3ximos tr\u00eas anos)\u201d, informou a ag\u00eancia norte-americana nesta quarta-feira (11\/12). A institui\u00e7\u00e3o refor\u00e7ou a necessidade de continuidade do ajuste fiscal, uma vez que a d\u00edvida p\u00fablica ainda e o rombo das contas p\u00fablicas ainda s\u00e3o \u201cmuito elevados\u201d.<\/span><\/p>\n<p>&nbsp;<\/p>\n<p><span style=\"font-weight: 400\">De acordo com a S&amp;P, um conjunto combinado de iniciativas, incluindo uma taxa de juros \u201cpotencialmente estruturalmente mais baixa\u201d, podem levar a uma din\u00e2mica fiscal e de crescimento mais forte do pa\u00eds.\u00a0<\/span><\/p>\n<p>&nbsp;<\/p>\n<p><span style=\"font-weight: 400\">A S&amp;P prev\u00ea crescimento de 1% no Produto Interno Bruto (PIB) brasileiro, deste ano, e de 2%, em 2020. A institui\u00e7\u00e3o n\u00e3o v\u00ea queda no tamanho da d\u00edvida p\u00fablica bruta do pa\u00eds, passando de 79,8% do PIB, neste ano, para 85,3%, em 2022. A taxa m\u00e9dia dos pa\u00edses emergentes gira em torno de 50% do PIB. Com a nota BB- da S&amp;P, o Brasil continua tr\u00eas degraus abaixo do selo de bom pagador.<\/span><\/p>\n","protected":false},"excerpt":{"rendered":"<p>ROSANA HESSEL &nbsp; A ag\u00eancia de classifica\u00e7\u00e3o de risco Standard &amp; Poor\u2019s reafirmou a nota do Brasil em BB-, mas elevou de est\u00e1vel para positiva a perspectiva para a avalia\u00e7\u00e3o do risco pa\u00eds de \u201cest\u00e1vel\u201d para \u201cpositiva\u201d, devido, em grande parte, \u00e0 aprova\u00e7\u00e3o da reforma da Previd\u00eancia. Contudo, refor\u00e7ou a preocupa\u00e7\u00e3o com o quadro fiscal, [&hellip;]<\/p>\n","protected":false},"author":22,"featured_media":0,"comment_status":"open","ping_status":"closed","sticky":false,"template":"","format":"standard","meta":{"footnotes":""},"categories":[600],"tags":[378,2233,3043],"class_list":["post-12484","post","type-post","status-publish","format-standard","hentry","category-economia","tag-brasil","tag-risco-pais","tag-sp"],"_links":{"self":[{"href":"https:\/\/blogs.correiobraziliense.com.br\/vicente\/wp-json\/wp\/v2\/posts\/12484","targetHints":{"allow":["GET"]}}],"collection":[{"href":"https:\/\/blogs.correiobraziliense.com.br\/vicente\/wp-json\/wp\/v2\/posts"}],"about":[{"href":"https:\/\/blogs.correiobraziliense.com.br\/vicente\/wp-json\/wp\/v2\/types\/post"}],"author":[{"embeddable":true,"href":"https:\/\/blogs.correiobraziliense.com.br\/vicente\/wp-json\/wp\/v2\/users\/22"}],"replies":[{"embeddable":true,"href":"https:\/\/blogs.correiobraziliense.com.br\/vicente\/wp-json\/wp\/v2\/comments?post=12484"}],"version-history":[{"count":1,"href":"https:\/\/blogs.correiobraziliense.com.br\/vicente\/wp-json\/wp\/v2\/posts\/12484\/revisions"}],"predecessor-version":[{"id":12485,"href":"https:\/\/blogs.correiobraziliense.com.br\/vicente\/wp-json\/wp\/v2\/posts\/12484\/revisions\/12485"}],"wp:attachment":[{"href":"https:\/\/blogs.correiobraziliense.com.br\/vicente\/wp-json\/wp\/v2\/media?parent=12484"}],"wp:term":[{"taxonomy":"category","embeddable":true,"href":"https:\/\/blogs.correiobraziliense.com.br\/vicente\/wp-json\/wp\/v2\/categories?post=12484"},{"taxonomy":"post_tag","embeddable":true,"href":"https:\/\/blogs.correiobraziliense.com.br\/vicente\/wp-json\/wp\/v2\/tags?post=12484"}],"curies":[{"name":"wp","href":"https:\/\/api.w.org\/{rel}","templated":true}]}}