{"id":12478,"date":"2019-12-11T19:15:39","date_gmt":"2019-12-11T22:15:39","guid":{"rendered":"https:\/\/blogs.correiobraziliense.com.br\/vicente\/?p=12478"},"modified":"2019-12-11T19:20:32","modified_gmt":"2019-12-11T22:20:32","slug":"entidades-patronais-elogiam-bc-e-dizem-que-corte-nos-juros-foi-acertado","status":"publish","type":"post","link":"https:\/\/blogs.correiobraziliense.com.br\/vicente\/entidades-patronais-elogiam-bc-e-dizem-que-corte-nos-juros-foi-acertado\/","title":{"rendered":"Entidades patronais elogiam BC e dizem que corte nos juros foi &#8220;acertado&#8221;"},"content":{"rendered":"<p><span style=\"font-weight: 400\">ROSANA HESSEL<\/span><\/p>\n<p>&nbsp;<\/p>\n<p><span style=\"font-weight: 400\">Entidades do setor privado elogiaram a decis\u00e3o do Comit\u00ea de Pol\u00edtica Monet\u00e1ria (Copom), do Banco Central, em reduzir a Selic pela quarta vez no ano. A taxa b\u00e1sica da economia passou de 5% para 4,5% ao ano, um novo piso hist\u00f3rico.\u00a0<\/span><\/p>\n<p>&nbsp;<\/p>\n<p><span style=\"font-weight: 400\">A Associa\u00e7\u00e3o Comercial de S\u00e3o Paulo (ACSP), considerou a decis\u00e3o do Copom de cortar \u201cacertada\u201d, uma vez que a infla\u00e7\u00e3o est\u00e1 dentro da meta \u201ce continuar\u00e1 ancorada nos pr\u00f3ximos anos\u201d. \u201cO n\u00edvel de atividade continua fraco e o desemprego alto, portanto, a diminui\u00e7\u00e3o da Selic pelo Banco Central para 4,5% ao ano foi a melhor decis\u00e3o a ser tomada nesse momento\u201d, afirmou Marcel Solimeo, economista da ACSP, em comunicado da entidade.\u00a0<\/span><\/p>\n<p>&nbsp;<\/p>\n<p><span style=\"font-weight: 400\">O presidente da Confedera\u00e7\u00e3o Nacional da Ind\u00fastria (CNI), Robson Braga de Andrade, tamb\u00e9m elogiou a decis\u00e3o do Copom, porque reduz o custo da d\u00edvida p\u00fablica, mant\u00e9m o Brasil no caminho de uma taxa compat\u00edvel com as pr\u00e1ticas internacionais e tem potencial para afetar toda a estrutura de juros no sistema financeiro nacional. <\/span><\/p>\n<p>&nbsp;<\/p>\n<p><span style=\"font-weight: 400\">\u201c\u00c9 necess\u00e1rio avan\u00e7ar com mais celeridade na microeconomia das taxas de juros para promover a redu\u00e7\u00e3o do spread (banc\u00e1rio) e do custo de capital para as empresas\u201d, afirmou Robson Braga de Andrade, em nota da entidade. Segundo ele, a expectativa de infla\u00e7\u00e3o futura tamb\u00e9m \u00e9 positiva. \u201cOs avan\u00e7os significativos da agenda de pol\u00edticas p\u00fablicas e medidas visando a estabilidade macroecon\u00f4mica do pa\u00eds, principalmente no campo fiscal, permitem a manuten\u00e7\u00e3o da Selic em patamares reduzidos\u201d, completou.<\/span><\/p>\n<p>&nbsp;<\/p>\n<p><span style=\"font-weight: 400\">Na avalia\u00e7\u00e3o do presidente da Federa\u00e7\u00e3o das Ind\u00fastrias de S\u00e3o Paulo (Fiesp), Paulo Skaf, a decis\u00e3o do BC \u201crepresenta a maior mudan\u00e7a estrutural na economia desde o controle da infla\u00e7\u00e3o\u201d. \u201cCom essa nova redu\u00e7\u00e3o, pela primeira vez ap\u00f3s d\u00e9cadas de juros alt\u00edssimos, iniciaremos 2020 com um cen\u00e1rio de taxas baixas e previs\u00e3o de que permane\u00e7am assim por um longo per\u00edodo\u201d, destacou. Contudo, ele ressaltou que \u00e9 importante que os bancos tamb\u00e9m fa\u00e7am a parte deles, reduzindo os juros aos tomadores de cr\u00e9dito. <\/span><\/p>\n<p>&nbsp;<\/p>\n<p><span style=\"font-weight: 400\">\u201cO Banco Central precisa acelerar a agenda de mudan\u00e7as, como open baking, fomento \u00e0s fintechs e outros est\u00edmulos ao uso de instrumentos do mercado de capitais para financiamentos diretos aos tomadores finais\u201d, declarou. Para Skaf, se a concorr\u00eancia banc\u00e1ria aumentar e houver um efetivo corte de juros para o consumidor, o pa\u00eds tem \u201cpotencial de crescer em torno de 3% em 2020\u201d.<\/span><\/p>\n<p>&nbsp;<\/p>\n<p>O presidente da Associa\u00e7\u00e3o Brasileira da Ind\u00fastria T\u00eaxtil e de Confec\u00e7\u00e3o (Abit), Fernando Valente Pimentel, tamb\u00e9m avaliou a decis\u00e3o do Copom como &#8220;muito positiva&#8221;, podendo estimular a economia real se houver um repasse maior dessa redu\u00e7\u00e3o dos juros para a concess\u00e3o de cr\u00e9dito. Ele lembrou que, os juros est\u00e3o caindo em uma velocidade &#8220;aqu\u00e9m do desej\u00e1vel&#8221; para os tomadores, em especial no tocante ao spread banc\u00e1rio. \u201cA dire\u00e7\u00e3o da agenda do Banco Central \u00e9 correta. T\u00e3o logo os juros na ponta do cr\u00e9dito caiam a n\u00edveis razo\u00e1veis, os investimentos vir\u00e3o com mais for\u00e7a\u201d, ressaltou.<\/p>\n","protected":false},"excerpt":{"rendered":"<p>ROSANA HESSEL &nbsp; Entidades do setor privado elogiaram a decis\u00e3o do Comit\u00ea de Pol\u00edtica Monet\u00e1ria (Copom), do Banco Central, em reduzir a Selic pela quarta vez no ano. A taxa b\u00e1sica da economia passou de 5% para 4,5% ao ano, um novo piso hist\u00f3rico.\u00a0 &nbsp; A Associa\u00e7\u00e3o Comercial de S\u00e3o Paulo (ACSP), considerou a decis\u00e3o [&hellip;]<\/p>\n","protected":false},"author":22,"featured_media":0,"comment_status":"open","ping_status":"closed","sticky":false,"template":"","format":"standard","meta":{"footnotes":""},"categories":[600],"tags":[4315,706,4314,4,34],"class_list":["post-12478","post","type-post","status-publish","format-standard","hentry","category-economia","tag-acsp","tag-cni","tag-fiesp","tag-juros","tag-selic"],"_links":{"self":[{"href":"https:\/\/blogs.correiobraziliense.com.br\/vicente\/wp-json\/wp\/v2\/posts\/12478","targetHints":{"allow":["GET"]}}],"collection":[{"href":"https:\/\/blogs.correiobraziliense.com.br\/vicente\/wp-json\/wp\/v2\/posts"}],"about":[{"href":"https:\/\/blogs.correiobraziliense.com.br\/vicente\/wp-json\/wp\/v2\/types\/post"}],"author":[{"embeddable":true,"href":"https:\/\/blogs.correiobraziliense.com.br\/vicente\/wp-json\/wp\/v2\/users\/22"}],"replies":[{"embeddable":true,"href":"https:\/\/blogs.correiobraziliense.com.br\/vicente\/wp-json\/wp\/v2\/comments?post=12478"}],"version-history":[{"count":3,"href":"https:\/\/blogs.correiobraziliense.com.br\/vicente\/wp-json\/wp\/v2\/posts\/12478\/revisions"}],"predecessor-version":[{"id":12481,"href":"https:\/\/blogs.correiobraziliense.com.br\/vicente\/wp-json\/wp\/v2\/posts\/12478\/revisions\/12481"}],"wp:attachment":[{"href":"https:\/\/blogs.correiobraziliense.com.br\/vicente\/wp-json\/wp\/v2\/media?parent=12478"}],"wp:term":[{"taxonomy":"category","embeddable":true,"href":"https:\/\/blogs.correiobraziliense.com.br\/vicente\/wp-json\/wp\/v2\/categories?post=12478"},{"taxonomy":"post_tag","embeddable":true,"href":"https:\/\/blogs.correiobraziliense.com.br\/vicente\/wp-json\/wp\/v2\/tags?post=12478"}],"curies":[{"name":"wp","href":"https:\/\/api.w.org\/{rel}","templated":true}]}}