{"id":12463,"date":"2019-12-11T14:01:45","date_gmt":"2019-12-11T17:01:45","guid":{"rendered":"https:\/\/blogs.correiobraziliense.com.br\/vicente\/?p=12463"},"modified":"2019-12-11T14:31:42","modified_gmt":"2019-12-11T17:31:42","slug":"equipe-economica-acha-que-bc-deve-parar-de-cortar-juros-depois-de-queda-de-hoje","status":"publish","type":"post","link":"https:\/\/blogs.correiobraziliense.com.br\/vicente\/equipe-economica-acha-que-bc-deve-parar-de-cortar-juros-depois-de-queda-de-hoje\/","title":{"rendered":"Equipe econ\u00f4mica acha que BC deve parar de cortar juros depois de queda de hoje"},"content":{"rendered":"<h2>A equipe econ\u00f4mica tra\u00e7ou uma s\u00e9rie de cen\u00e1rios para a economia e acredita que, depois de cortar a taxa b\u00e1sica de juros (Selic) em mais 0,5 ponto percentual nesta quarta-feira (11\/12), de 5% para 4,5% ao ano, o Comit\u00ea de Pol\u00edtica Monet\u00e1ria (Copom) do Banco Central deve suspender o processo de flexibiliza\u00e7\u00e3o monet\u00e1ria.<\/h2>\n<p>&nbsp;<\/p>\n<p>Para os t\u00e9cnicos, com os \u00faltimos repiques da infla\u00e7\u00e3o, \u00e9 preciso que o BC seja mais cauteloso, para n\u00e3o ser obrigado a subir a Selic j\u00e1 em 2020, quando se espera uma rea\u00e7\u00e3o mais forte do Produto Interno Bruto (PIB). &#8220;\u00c9 melhor manter os juros est\u00e1veis em 4,5% para avaliar o cen\u00e1rio. N\u00e3o h\u00e1 porque correr riscos&#8221;, diz um integrante da equipe econ\u00f4mica.<\/p>\n<p>&nbsp;<\/p>\n<p>Os t\u00e9cnicos reconhecem que, quando retirada a disparada dos pre\u00e7os da carne do c\u00e1lculo da infla\u00e7\u00e3o, o \u00cdndice de Pre\u00e7os ao Consumidor Amplo (IPCA) est\u00e1 muito baixo. Isso justificaria o BC sinalizar mais um corte de 0,25 ou mesmo de 0,5 ponto em fevereiro de 2020, como prev\u00ea parte dos operadores do mercado. Mas, ainda assim, a recomenda\u00e7\u00e3o \u00e9 de cautela.<\/p>\n<p>&nbsp;<\/p>\n<p><strong>D\u00favidas<\/strong><\/p>\n<p>&nbsp;<\/p>\n<p>Ainda n\u00e3o se sabe ao certo qual ser\u00e1 o ritmo de recupera\u00e7\u00e3o da economia daqui por diante. Parte da queda dos juros dos \u00faltimos meses ainda n\u00e3o chegou \u00e0 economia real. Se a reativa\u00e7\u00e3o da atividade for mais forte, puxada pelo consumo das fam\u00edlias, os agentes econ\u00f4micos poder\u00e3o se sentir confort\u00e1veis para reajustar as tabelas de pre\u00e7os al\u00e9m da conta.<\/p>\n<p>&nbsp;<\/p>\n<p>&#8220;A queda de 0,5 ponto na Selic nesta quarta-feira j\u00e1 est\u00e1 contratada e ser\u00e1 muito bem-vinda&#8221;, diz um outro t\u00e9cnico do governo. &#8220;Daqui por diante, no entanto, o terreno fica mais perigoso. Com infla\u00e7\u00e3o, j\u00e1 vimos, n\u00e3o se brinca. A taxa de juros de 4,5% a ser anunciada hoje pelo BC era impens\u00e1vel um ano atr\u00e1s&#8221;, acrescenta.<\/p>\n<p>&nbsp;<\/p>\n<p>Os t\u00e9cnicos analisam que os juros nos atuais patamares s\u00e3o uma conquista da qual o pa\u00eds n\u00e3o pode abrir m\u00e3o e ter\u00e3o papel fundamental para pavimentar um crescimento sustentado para o desenvolvimento econ\u00f4mico equilibrado, sem bolhas. &#8220;Temos certeza de que o presidente do BC, Roberto Campos Neto, sabe disso&#8221;, frisa um dos servidores.<\/p>\n<p>&nbsp;<\/p>\n<p><em>Bras\u00edlia, 14h01min<\/em><\/p>\n","protected":false},"excerpt":{"rendered":"<p>A equipe econ\u00f4mica tra\u00e7ou uma s\u00e9rie de cen\u00e1rios para a economia e acredita que, depois de cortar a taxa b\u00e1sica de juros (Selic) em mais 0,5 ponto percentual nesta quarta-feira (11\/12), de 5% para 4,5% ao ano, o Comit\u00ea de Pol\u00edtica Monet\u00e1ria (Copom) do Banco Central deve suspender o processo de flexibiliza\u00e7\u00e3o monet\u00e1ria. &nbsp; Para [&hellip;]<\/p>\n","protected":false},"author":22,"featured_media":10090,"comment_status":"open","ping_status":"closed","sticky":false,"template":"","format":"standard","meta":{"footnotes":""},"categories":[600],"tags":[3,106,4313,14,4,279,34],"class_list":["post-12463","post","type-post","status-publish","format-standard","has-post-thumbnail","hentry","category-economia","tag-banco-central","tag-bc","tag-cautela","tag-inflacao","tag-juros","tag-queda","tag-selic"],"_links":{"self":[{"href":"https:\/\/blogs.correiobraziliense.com.br\/vicente\/wp-json\/wp\/v2\/posts\/12463","targetHints":{"allow":["GET"]}}],"collection":[{"href":"https:\/\/blogs.correiobraziliense.com.br\/vicente\/wp-json\/wp\/v2\/posts"}],"about":[{"href":"https:\/\/blogs.correiobraziliense.com.br\/vicente\/wp-json\/wp\/v2\/types\/post"}],"author":[{"embeddable":true,"href":"https:\/\/blogs.correiobraziliense.com.br\/vicente\/wp-json\/wp\/v2\/users\/22"}],"replies":[{"embeddable":true,"href":"https:\/\/blogs.correiobraziliense.com.br\/vicente\/wp-json\/wp\/v2\/comments?post=12463"}],"version-history":[{"count":1,"href":"https:\/\/blogs.correiobraziliense.com.br\/vicente\/wp-json\/wp\/v2\/posts\/12463\/revisions"}],"predecessor-version":[{"id":12465,"href":"https:\/\/blogs.correiobraziliense.com.br\/vicente\/wp-json\/wp\/v2\/posts\/12463\/revisions\/12465"}],"wp:featuredmedia":[{"embeddable":true,"href":"https:\/\/blogs.correiobraziliense.com.br\/vicente\/wp-json\/wp\/v2\/media\/10090"}],"wp:attachment":[{"href":"https:\/\/blogs.correiobraziliense.com.br\/vicente\/wp-json\/wp\/v2\/media?parent=12463"}],"wp:term":[{"taxonomy":"category","embeddable":true,"href":"https:\/\/blogs.correiobraziliense.com.br\/vicente\/wp-json\/wp\/v2\/categories?post=12463"},{"taxonomy":"post_tag","embeddable":true,"href":"https:\/\/blogs.correiobraziliense.com.br\/vicente\/wp-json\/wp\/v2\/tags?post=12463"}],"curies":[{"name":"wp","href":"https:\/\/api.w.org\/{rel}","templated":true}]}}