{"id":12458,"date":"2019-12-10T14:56:46","date_gmt":"2019-12-10T17:56:46","guid":{"rendered":"https:\/\/blogs.correiobraziliense.com.br\/vicente\/?p=12458"},"modified":"2019-12-10T16:51:56","modified_gmt":"2019-12-10T19:51:56","slug":"guedes-quer-acelerar-privatizacao-do-serpro-por-erro-em-exportacao","status":"publish","type":"post","link":"https:\/\/blogs.correiobraziliense.com.br\/vicente\/guedes-quer-acelerar-privatizacao-do-serpro-por-erro-em-exportacao\/","title":{"rendered":"Guedes quer acelerar privatiza\u00e7\u00e3o do Serpro por erro em exporta\u00e7\u00e3o"},"content":{"rendered":"<h2>O ministro da Economia, Paulo Guedes, n\u00e3o esconde o inconformismo diante dos erros cometidos pelo Serpro nos registros de informa\u00e7\u00f5es de exporta\u00e7\u00f5es, que mancharam a imagem do pa\u00eds. No que depender do ministro, a estatal de processamento de dados do governo federal ter\u00e1 seu processo de privatiza\u00e7\u00e3o acelerado.<\/h2>\n<p>&nbsp;<\/p>\n<p>Guedes teve uma reuni\u00e3o dur\u00edssima com representantes do Serpro nesta segunda-feira (09\/12). Ele cobrou enfaticamente explica\u00e7\u00f5es para os erros que levaram os cr\u00edticos a dizerem que o governo estava usando contabilidade criativa para inflacionar os dados de exporta\u00e7\u00e3o e, por tabela, melhorar o saldo na balan\u00e7a comercial.<\/p>\n<p>&nbsp;<\/p>\n<p>As corre\u00e7\u00f5es ocorreram num momento de estresse do mercado, quando o d\u00f3lar estava apontando para cima. Sem grandes explica\u00e7\u00f5es, para tentar acalmar os \u00e2nimos, o governo informou que os registros de exporta\u00e7\u00f5es haviam subestimado valores. Entre outubro e novembro, foram &#8220;descobertos&#8221; mais de US$ 7 bilh\u00f5es em exporta\u00e7\u00f5es.<\/p>\n<p>&nbsp;<\/p>\n<p><strong>Dataprev<\/strong><\/p>\n<p>&nbsp;<\/p>\n<p>Em alto e bom som, o ministro da Economia disse que suspeitava de m\u00e1-f\u00e9 de pessoas do Serpro. Mas representantes da empresa apresentaram a Guedes documentos assegurando que as falhas foram t\u00e9cnicas, sem nenhuma inten\u00e7\u00e3o de prejudicar a imagem do governo.<\/p>\n<p>&nbsp;<\/p>\n<p>Diante das explica\u00e7\u00f5es, o ministro baixou um pouco a guarda, mas orientou assessores a pisarem no acelerador da privatiza\u00e7\u00e3o do Serpro, que processa as principais informa\u00e7\u00f5es do Executivo, inclusive todos os registros da Receita Federal. Toda Esplanada dos Minist\u00e9rios sabe que o Serpro est\u00e1 sucateado por falta de investimentos.<\/p>\n<p>&nbsp;<\/p>\n<p>Al\u00e9m do Serpro, o Minist\u00e9rio da Economia tamb\u00e9m pretende vender o controle da Dataprev, que processa da folha de pagamento do Instituto Nacional do Seguro Social (INSS). T\u00e9cnicos da equipe econ\u00f4mica dizem que a defasagem tecnol\u00f3gica nas duas empresas \u00e9 grande.<\/p>\n<p>&nbsp;<\/p>\n<p>Resta saber se o Minist\u00e9rio da Economia realmente ter\u00e1 for\u00e7a para levar \u00e0 frente o programa de privatiza\u00e7\u00e3o. At\u00e9 agora, as corpora\u00e7\u00f5es est\u00e3o vencendo o debate. O governo j\u00e1 falou em arrecadar R$ 1 trilh\u00e3o com a venda de estatais. Agora, as previs\u00f5es mais otimistas falam em R$ 300 bilh\u00f5es.<\/p>\n<p>&nbsp;<\/p>\n<p><em>Bras\u00edlia, 14h56min<\/em><\/p>\n","protected":false},"excerpt":{"rendered":"<p>O ministro da Economia, Paulo Guedes, n\u00e3o esconde o inconformismo diante dos erros cometidos pelo Serpro nos registros de informa\u00e7\u00f5es de exporta\u00e7\u00f5es, que mancharam a imagem do pa\u00eds. No que depender do ministro, a estatal de processamento de dados do governo federal ter\u00e1 seu processo de privatiza\u00e7\u00e3o acelerado. &nbsp; Guedes teve uma reuni\u00e3o dur\u00edssima com [&hellip;]<\/p>\n","protected":false},"author":22,"featured_media":12459,"comment_status":"open","ping_status":"closed","sticky":false,"template":"","format":"standard","meta":{"footnotes":""},"categories":[600],"tags":[4310,457,723,3613,540,114],"class_list":["post-12458","post","type-post","status-publish","format-standard","has-post-thumbnail","hentry","category-economia","tag-dataprev","tag-erros","tag-exportacoes","tag-paulo-guedes","tag-privatizacao","tag-serpro"],"_links":{"self":[{"href":"https:\/\/blogs.correiobraziliense.com.br\/vicente\/wp-json\/wp\/v2\/posts\/12458","targetHints":{"allow":["GET"]}}],"collection":[{"href":"https:\/\/blogs.correiobraziliense.com.br\/vicente\/wp-json\/wp\/v2\/posts"}],"about":[{"href":"https:\/\/blogs.correiobraziliense.com.br\/vicente\/wp-json\/wp\/v2\/types\/post"}],"author":[{"embeddable":true,"href":"https:\/\/blogs.correiobraziliense.com.br\/vicente\/wp-json\/wp\/v2\/users\/22"}],"replies":[{"embeddable":true,"href":"https:\/\/blogs.correiobraziliense.com.br\/vicente\/wp-json\/wp\/v2\/comments?post=12458"}],"version-history":[{"count":1,"href":"https:\/\/blogs.correiobraziliense.com.br\/vicente\/wp-json\/wp\/v2\/posts\/12458\/revisions"}],"predecessor-version":[{"id":12460,"href":"https:\/\/blogs.correiobraziliense.com.br\/vicente\/wp-json\/wp\/v2\/posts\/12458\/revisions\/12460"}],"wp:featuredmedia":[{"embeddable":true,"href":"https:\/\/blogs.correiobraziliense.com.br\/vicente\/wp-json\/wp\/v2\/media\/12459"}],"wp:attachment":[{"href":"https:\/\/blogs.correiobraziliense.com.br\/vicente\/wp-json\/wp\/v2\/media?parent=12458"}],"wp:term":[{"taxonomy":"category","embeddable":true,"href":"https:\/\/blogs.correiobraziliense.com.br\/vicente\/wp-json\/wp\/v2\/categories?post=12458"},{"taxonomy":"post_tag","embeddable":true,"href":"https:\/\/blogs.correiobraziliense.com.br\/vicente\/wp-json\/wp\/v2\/tags?post=12458"}],"curies":[{"name":"wp","href":"https:\/\/api.w.org\/{rel}","templated":true}]}}