{"id":12453,"date":"2019-12-10T12:41:36","date_gmt":"2019-12-10T15:41:36","guid":{"rendered":"https:\/\/blogs.correiobraziliense.com.br\/vicente\/?p=12453"},"modified":"2019-12-10T13:24:26","modified_gmt":"2019-12-10T16:24:26","slug":"governo-estuda-fusao-do-inpi-com-abdi-para-criacao-de-nova-agencia-industrial","status":"publish","type":"post","link":"https:\/\/blogs.correiobraziliense.com.br\/vicente\/governo-estuda-fusao-do-inpi-com-abdi-para-criacao-de-nova-agencia-industrial\/","title":{"rendered":"Governo estuda fus\u00e3o do Inpi com ABDI para cria\u00e7\u00e3o de nova ag\u00eancia industrial"},"content":{"rendered":"<p><span style=\"font-weight: 400\">RODOLFO COSTA<\/span><\/p>\n<p>&nbsp;<\/p>\n<p><span style=\"font-weight: 400\">A equipe econ\u00f4mica est\u00e1 estudando a possibilidade de fundir o Instituto Nacional de Propriedade Industrial (Inpi) com a Ag\u00eancia Brasileira de Desenvolvimento Industrial (ABDI). A ideia \u00e9 extinguir o Inpi e transformar a ABDI em Ag\u00eancia Brasileira de Desenvolvimento e Propriedade Industrial (ABDPI). A sugest\u00e3o \u00e9 propor isso por meio de uma Medida Provis\u00f3ria (MP), instrumento legislativo que tem for\u00e7a de lei e passa a vigorar a partir de sua publica\u00e7\u00e3o imediata, devendo, contudo, ser aprovada em um prazo de at\u00e9 120 dias no Congresso Nacional. S<\/span><span style=\"font-weight: 400\">eria, ainda, enviado projeto de lei para regulamentar \u201caltera\u00e7\u00f5es pontuais\u201d que n\u00e3o podem ser feitas por meio de MP.<\/span><\/p>\n<p>&nbsp;<\/p>\n<p><span style=\"font-weight: 400\">A ABDPI incorporaria as compet\u00eancias do Inpi &#8212; autarquia federal vinculada ao Minist\u00e9rio da Economia respons\u00e1vel pelo registro de marcas e patentes &#8212; mantendo o formato de Servi\u00e7o Social Aut\u00f4nomo da ABDI. O modelo foi estudado pela subsecretaria de Supervis\u00e3o e Estrat\u00e9gia da Secretaria Especial de Produtividade, Emprego e Competitividade, chefiada por Carlos da Costa, e apresentado \u00e0 Secretaria Especial de Fazenda, comandada por Waldery Rodrigues.\u00a0<\/span><\/p>\n<p>&nbsp;<\/p>\n<p><span style=\"font-weight: 400\">O assunto continua em fase de an\u00e1lises. Waldery demandou ao titular da Secretaria de Or\u00e7amento Federal (SOF), Esteves Pedro Colnago Junior, estudos sobre os impactos da extin\u00e7\u00e3o do Inpi e da consequente fus\u00e3o ao ABDI. A nota t\u00e9cnica 4747884, presente no Sistema Eletr\u00f4nico de Informa\u00e7\u00f5es (SEI) do Minist\u00e9rio da Economia, da qual o <strong>Blog<\/strong> obteve acesso, explica que a proposta \u00e9 reduzir gastos.<\/span><\/p>\n<p>&nbsp;<\/p>\n<p><strong>Comissionados<\/strong><\/p>\n<p><span style=\"font-weight: 400\">A MP tem como proposta buscar o \u201cenxugamento da m\u00e1quina p\u00fablica federal, com a cria\u00e7\u00e3o de estrutura que permitir\u00e1 maior efici\u00eancia na atua\u00e7\u00e3o\/melhoria da capacidade operacional\u201d. \u201cTanto do INPI como da ABDI, para cumprimento mais efetivo da miss\u00e3o de ambas as institui\u00e7\u00f5es, tendo em vista o car\u00e1ter estrat\u00e9gico para o desenvolvimento tecnol\u00f3gico do Pa\u00eds e a inser\u00e7\u00e3o competitiva do Brasil nas cadeias globais de valor\u201d, diz um trecho da nota t\u00e9cnica.\u00a0<\/span><\/p>\n<p>&nbsp;<\/p>\n<p><span style=\"font-weight: 400\">De acordo com a prov\u00e1vel MP, o Inpi seria extinto a partir da data de institui\u00e7\u00e3o da ABDPI. Como principais medidas para evitar o aumento com despesa de pessoal, est\u00e3o a extin\u00e7\u00e3o de cargos em comiss\u00e3o e as fun\u00e7\u00f5es de confian\u00e7a e gratisifa\u00e7\u00f5es do instituto, \u201ctornando automaticamente dispensados e exonerados os seus ocupantes\u201d. Seriam, ainda, extintos os cargos vagos e os que vierem a vagar do Plano de Carreiras e Cargos da atual autarquia.\u00a0<\/span><\/p>\n<p>&nbsp;<\/p>\n<p><strong>Servidores<\/strong><\/p>\n<p><span style=\"font-weight: 400\">A ideia \u00e9 manter apenas servidores do Plano de Carreiras e Cargos do Inpi, que seriam distribu\u00eddos para cargos no Minist\u00e9rio da Economia, ou funcion\u00e1rios p\u00fablicos das carreiras de Pesquisa em Ci\u00eancia e Tecnologia, de Desenvolvimento Tecnol\u00f3gico, e de Gest\u00e3o, Planejamento e Infraestrutura em Ci\u00eancia e Tecnologia, que seriam transferidos para o Minist\u00e9rio da Ci\u00eancia, Tecnologia, Inova\u00e7\u00f5es e Comunica\u00e7\u00f5es, chefiado por Marcos Pontes.<\/span><\/p>\n<p>&nbsp;<\/p>\n<p><span style=\"font-weight: 400\">A MP possibilitaria, ainda, que servidores fossem cedidos para outros \u00f3rg\u00e3os e entidades da administra\u00e7\u00e3o p\u00fablica federal direta, aut\u00e1rquica e fundacional, \u201cindependentemente do exerc\u00edcio de cargo em comiss\u00e3o ou fun\u00e7\u00e3o de confian\u00e7a\u201d. Os servidores tamb\u00e9m poderiam ser cedidos para a ABDPI, \u201ccom \u00f4nus e cession\u00e1ria\u201d. Seria, contudo, vedado ao servidor cedido \u00e0 ABDPI o pagamento de \u201cqualquer vantagem pecuni\u00e1ria\u201d. \u201cRessalvada a hip\u00f3tese de adicional relativo ao exerc\u00edcio de fun\u00e7\u00e3o tempor\u00e1ria de dire\u00e7\u00e3o, ger\u00eancia ou assessoria, que n\u00e3o ser\u00e1 incorporado \u00e0 remunera\u00e7\u00e3o de origem do servidor cedido\u201d, destaca outro trecho.\u00a0<\/span><\/p>\n<p>&nbsp;<\/p>\n<p><b>Patentes<\/b><\/p>\n<p><span style=\"font-weight: 400\">O objetivo do governo em manter as atribui\u00e7\u00f5es do Inpi na ABDPI \u00e9 manter a execu\u00e7\u00e3o das normas de propriedade industrial, tais como \u201ca an\u00e1lise de pedidos de registro de patentes, marcas, desenhos industriais, programas de computador e outros ativos de PI (que comp\u00f5em a parte mais representativa das atividades atuais do instituto\u201d, diz um trecho do documento. <\/span><\/p>\n","protected":false},"excerpt":{"rendered":"<p>RODOLFO COSTA &nbsp; A equipe econ\u00f4mica est\u00e1 estudando a possibilidade de fundir o Instituto Nacional de Propriedade Industrial (Inpi) com a Ag\u00eancia Brasileira de Desenvolvimento Industrial (ABDI). A ideia \u00e9 extinguir o Inpi e transformar a ABDI em Ag\u00eancia Brasileira de Desenvolvimento e Propriedade Industrial (ABDPI). A sugest\u00e3o \u00e9 propor isso por meio de uma [&hellip;]<\/p>\n","protected":false},"author":22,"featured_media":0,"comment_status":"open","ping_status":"closed","sticky":false,"template":"","format":"standard","meta":{"footnotes":""},"categories":[600],"tags":[3634,4309,2554,589,467,3616,4308],"class_list":["post-12453","post","type-post","status-publish","format-standard","hentry","category-economia","tag-abdi","tag-abdpi","tag-bolsonaro","tag-economia","tag-governo","tag-guedes","tag-inpi"],"_links":{"self":[{"href":"https:\/\/blogs.correiobraziliense.com.br\/vicente\/wp-json\/wp\/v2\/posts\/12453","targetHints":{"allow":["GET"]}}],"collection":[{"href":"https:\/\/blogs.correiobraziliense.com.br\/vicente\/wp-json\/wp\/v2\/posts"}],"about":[{"href":"https:\/\/blogs.correiobraziliense.com.br\/vicente\/wp-json\/wp\/v2\/types\/post"}],"author":[{"embeddable":true,"href":"https:\/\/blogs.correiobraziliense.com.br\/vicente\/wp-json\/wp\/v2\/users\/22"}],"replies":[{"embeddable":true,"href":"https:\/\/blogs.correiobraziliense.com.br\/vicente\/wp-json\/wp\/v2\/comments?post=12453"}],"version-history":[{"count":4,"href":"https:\/\/blogs.correiobraziliense.com.br\/vicente\/wp-json\/wp\/v2\/posts\/12453\/revisions"}],"predecessor-version":[{"id":12457,"href":"https:\/\/blogs.correiobraziliense.com.br\/vicente\/wp-json\/wp\/v2\/posts\/12453\/revisions\/12457"}],"wp:attachment":[{"href":"https:\/\/blogs.correiobraziliense.com.br\/vicente\/wp-json\/wp\/v2\/media?parent=12453"}],"wp:term":[{"taxonomy":"category","embeddable":true,"href":"https:\/\/blogs.correiobraziliense.com.br\/vicente\/wp-json\/wp\/v2\/categories?post=12453"},{"taxonomy":"post_tag","embeddable":true,"href":"https:\/\/blogs.correiobraziliense.com.br\/vicente\/wp-json\/wp\/v2\/tags?post=12453"}],"curies":[{"name":"wp","href":"https:\/\/api.w.org\/{rel}","templated":true}]}}