{"id":12444,"date":"2019-12-09T19:31:37","date_gmt":"2019-12-09T22:31:37","guid":{"rendered":"https:\/\/blogs.correiobraziliense.com.br\/vicente\/?p=12444"},"modified":"2019-12-09T22:37:02","modified_gmt":"2019-12-10T01:37:02","slug":"de-olho-na-classe-media-marista-compra-colegio-ipemax-de-aguas-claras","status":"publish","type":"post","link":"https:\/\/blogs.correiobraziliense.com.br\/vicente\/de-olho-na-classe-media-marista-compra-colegio-ipemax-de-aguas-claras\/","title":{"rendered":"De olho na classe m\u00e9dia, Marista compra col\u00e9gio IpeMax, de \u00c1guas Claras"},"content":{"rendered":"<h2>Dentro da estrat\u00e9gia de diversificar seus neg\u00f3cios, a rede Marista comprou o col\u00e9gio IpeMax, em \u00c1guas Claras, regi\u00e3o de classe m\u00e9dia alta do Distrito Federal. O valor do neg\u00f3cio n\u00e3o foi revelado.<\/h2>\n<p>&nbsp;<\/p>\n<p>O IpeMax tem cerca de mil alunos, com mensalidade m\u00e9dia de R$ 1,5 mil, metade do que \u00e9 cobrado, por exemplo, nas unidades do Marista na Asa Sul, \u00e1rea nobre de Bras\u00edlia.<\/p>\n<p>&nbsp;<\/p>\n<p>A decis\u00e3o de se aproximar da classe m\u00e9dia faz parte do que a rede Marista chama de novos produtos. A meta \u00e9 incluir na estrutura do Marista escolas mais baratas, algumas com mensalidades m\u00e9dias de R$ 600.<\/p>\n<p>&nbsp;<\/p>\n<p><strong>Estrutura<\/strong><\/p>\n<p>&nbsp;<\/p>\n<p>A rede Marista se divide entre o que chama de prov\u00edncias. S\u00e3o tr\u00eas: uma em Porto Alegre, uma em Curitiba e outra em Bras\u00edlia. Mas a do Distrito Federal est\u00e1 subdividida.<\/p>\n<p>&nbsp;<\/p>\n<p>De um lado, a Centro-Sul e a Sul Amaz\u00f4nia, que pegam as escolas da Asa Sul, com mais de 25 mil alunos. De outro, a Centro-Norte, que inclui a escola Champagnat, em Taguatinga, e a IpeMax, al\u00e9m de unidades nas regi\u00f5es Norte, Nordeste, Centro-Oeste e Sudeste, totalizando 32 mil estudantes.<\/p>\n<p>&nbsp;<\/p>\n<p>Num pa\u00eds mergulhado em uma longa crise econ\u00f4mica desde 2014 \u2014 os primeiros sinais de recupera\u00e7\u00e3o da atividade, felizmente, come\u00e7am a aparecer \u2014, os grupos de educa\u00e7\u00e3o est\u00e3o partindo para a diversifica\u00e7\u00e3o. N\u00e3o d\u00e1 para focar em apenas um p\u00fablico.<\/p>\n<p>&nbsp;<\/p>\n<p>No entender dos analistas, essa estrat\u00e9gia \u00e9 mais adequada, uma vez que, por causa da recess\u00e3o prolongada e do elevado desemprego, muitos pais foram obrigados a transferirem seus filhos para escolas p\u00fablicas.<\/p>\n<p>&nbsp;<\/p>\n<p>O Marista acredita que, com a sua chancela, col\u00e9gios como o IpeMax v\u00e3o atrair uma classe m\u00e9dia \u00e1vida por ensino de qualidade. A reativa\u00e7\u00e3o da economia tender\u00e1 a refor\u00e7ar os neg\u00f3cios do grupo.<\/p>\n<p>&nbsp;<\/p>\n<p><em>Bras\u00edlia, 19h31min<\/em><\/p>\n","protected":false},"excerpt":{"rendered":"<p>Dentro da estrat\u00e9gia de diversificar seus neg\u00f3cios, a rede Marista comprou o col\u00e9gio IpeMax, em \u00c1guas Claras, regi\u00e3o de classe m\u00e9dia alta do Distrito Federal. O valor do neg\u00f3cio n\u00e3o foi revelado. &nbsp; O IpeMax tem cerca de mil alunos, com mensalidade m\u00e9dia de R$ 1,5 mil, metade do que \u00e9 cobrado, por exemplo, nas [&hellip;]<\/p>\n","protected":false},"author":22,"featured_media":12446,"comment_status":"open","ping_status":"closed","sticky":false,"template":"","format":"standard","meta":{"footnotes":""},"categories":[600],"tags":[3503,238,2238,4181,4307,4306],"class_list":["post-12444","post","type-post","status-publish","format-standard","has-post-thumbnail","hentry","category-economia","tag-aguas-claras","tag-compra","tag-educacao","tag-escola","tag-ipemax","tag-marista"],"_links":{"self":[{"href":"https:\/\/blogs.correiobraziliense.com.br\/vicente\/wp-json\/wp\/v2\/posts\/12444","targetHints":{"allow":["GET"]}}],"collection":[{"href":"https:\/\/blogs.correiobraziliense.com.br\/vicente\/wp-json\/wp\/v2\/posts"}],"about":[{"href":"https:\/\/blogs.correiobraziliense.com.br\/vicente\/wp-json\/wp\/v2\/types\/post"}],"author":[{"embeddable":true,"href":"https:\/\/blogs.correiobraziliense.com.br\/vicente\/wp-json\/wp\/v2\/users\/22"}],"replies":[{"embeddable":true,"href":"https:\/\/blogs.correiobraziliense.com.br\/vicente\/wp-json\/wp\/v2\/comments?post=12444"}],"version-history":[{"count":7,"href":"https:\/\/blogs.correiobraziliense.com.br\/vicente\/wp-json\/wp\/v2\/posts\/12444\/revisions"}],"predecessor-version":[{"id":12452,"href":"https:\/\/blogs.correiobraziliense.com.br\/vicente\/wp-json\/wp\/v2\/posts\/12444\/revisions\/12452"}],"wp:featuredmedia":[{"embeddable":true,"href":"https:\/\/blogs.correiobraziliense.com.br\/vicente\/wp-json\/wp\/v2\/media\/12446"}],"wp:attachment":[{"href":"https:\/\/blogs.correiobraziliense.com.br\/vicente\/wp-json\/wp\/v2\/media?parent=12444"}],"wp:term":[{"taxonomy":"category","embeddable":true,"href":"https:\/\/blogs.correiobraziliense.com.br\/vicente\/wp-json\/wp\/v2\/categories?post=12444"},{"taxonomy":"post_tag","embeddable":true,"href":"https:\/\/blogs.correiobraziliense.com.br\/vicente\/wp-json\/wp\/v2\/tags?post=12444"}],"curies":[{"name":"wp","href":"https:\/\/api.w.org\/{rel}","templated":true}]}}