{"id":12441,"date":"2019-12-08T15:48:37","date_gmt":"2019-12-08T18:48:37","guid":{"rendered":"https:\/\/blogs.correiobraziliense.com.br\/vicente\/?p=12441"},"modified":"2019-12-08T22:04:34","modified_gmt":"2019-12-09T01:04:34","slug":"o-que-o-bndes-tem-a-esconder-pergunta-associacao-de-empregados-do-banco","status":"publish","type":"post","link":"https:\/\/blogs.correiobraziliense.com.br\/vicente\/o-que-o-bndes-tem-a-esconder-pergunta-associacao-de-empregados-do-banco\/","title":{"rendered":"O que o BNDES tem a esconder?, pergunta associa\u00e7\u00e3o de empregados do banco"},"content":{"rendered":"<h2>Em texto publicado em sua p\u00e1gina na internet, a Associa\u00e7\u00e3o dos Funcion\u00e1rios do Banco Nacional de Desenvolvimento Econ\u00f4mico e Social (AFBNDES) questiona o que a institui\u00e7\u00e3o tem a esconder para agir com tanta trucul\u00eancia ao demitir um empregado, Gustavo Soares, por justa causa, sem direito \u00e0 defesa.<\/h2>\n<p>&nbsp;<\/p>\n<p>&#8220;Algu\u00e9m poderia perguntar: ser\u00e1 que esse epis\u00f3dio revela uma institui\u00e7\u00e3o que realmente possui um problema cr\u00f4nico com vazamento de informa\u00e7\u00f5es?&#8221;, indaga a dire\u00e7\u00e3o da AFBNDES. O que assusta, segundo a entidade, \u00e9 que essa pergunta n\u00e3o foi considerada relevante, mesmo com um empregado do BNDES tendo sido sumariamente demitido para servir de exemplo.<\/p>\n<p>&nbsp;<\/p>\n<p>Segundo a associa\u00e7\u00e3o, em agosto deste ano, uma apresenta\u00e7\u00e3o circulou no BNDES e passou pela m\u00e3o de centenas de empregados. A apresenta\u00e7\u00e3o conteria um slide comprometedor, &#8220;que poderia criar desagrad\u00e1veis problemas&#8221; para o rec\u00e9m-nomeado presidente do banco, Gustavo Montezano.<\/p>\n<p>&nbsp;<\/p>\n<p>A AFBNDES ressalta ainda que a apresenta\u00e7\u00e3o nunca chegou \u00e0 imprensa. Mas esse evento ficou conhecido como um &#8220;vazamento&#8221; de informa\u00e7\u00f5es. Diz, ainda, que &#8220;puni\u00e7\u00e3o exemplar foi demandada para, pedagogicamente, explicitar que vazamentos n\u00e3o s\u00e3o mais toler\u00e1veis&#8221;.<\/p>\n<p>&nbsp;<\/p>\n<p><strong>Abuso de poder<\/strong><\/p>\n<p>&nbsp;<\/p>\n<p>A diretoria da associa\u00e7\u00e3o chama a aten\u00e7\u00e3o: &#8220;Centenas de pessoas (viram dados de uma apresenta\u00e7\u00e3o feita aos superintendes do BNDES) e nada na m\u00eddia&#8221;. Ou seja, o que se viu, no entender da AFBNDES, foi um abuso de poder. O empregado demitido se diz revoltado e v\u00edtima de arbitrariedade.<\/p>\n<p>&nbsp;<\/p>\n<p>O tal slide da disc\u00f3rdia conteria &#8220;pontos de aten\u00e7\u00e3o&#8221; para a imagem do BNDES, que n\u00e3o \u00e9 a melhor junto ao p\u00fablico, por estar associada a suspeitas de corrup\u00e7\u00e3o. Uma sindic\u00e2ncia interna constatou que Gustavo Soares havia baixado a apresenta\u00e7\u00e3o no computador. V\u00e1rios empregados viram as informa\u00e7\u00f5es por meio de um sistema denominado Arquivo X.<\/p>\n<p>&nbsp;<\/p>\n<p>At\u00e9 agora, mesmo diante de toda pol\u00eamica e de toda a perplexidade de seus funcion\u00e1rios, que veem um processo de ca\u00e7a \u00e0s bruxas, o BNDES n\u00e3o se manifestou sobre o tema.<\/p>\n<p>&nbsp;<\/p>\n<p><em>Bras\u00edlia, 15h48min<\/em><\/p>\n","protected":false},"excerpt":{"rendered":"<p>Em texto publicado em sua p\u00e1gina na internet, a Associa\u00e7\u00e3o dos Funcion\u00e1rios do Banco Nacional de Desenvolvimento Econ\u00f4mico e Social (AFBNDES) questiona o que a institui\u00e7\u00e3o tem a esconder para agir com tanta trucul\u00eancia ao demitir um empregado, Gustavo Soares, por justa causa, sem direito \u00e0 defesa. &nbsp; &#8220;Algu\u00e9m poderia perguntar: ser\u00e1 que esse epis\u00f3dio [&hellip;]<\/p>\n","protected":false},"author":22,"featured_media":12436,"comment_status":"open","ping_status":"closed","sticky":false,"template":"","format":"standard","meta":{"footnotes":""},"categories":[600],"tags":[4305,4304,89,4300,22,4301,4302],"class_list":["post-12441","post","type-post","status-publish","format-standard","has-post-thumbnail","hentry","category-economia","tag-afbndes","tag-associacao","tag-bndes","tag-caca-as-bruxas","tag-demissao","tag-gustavo-soares","tag-montezano"],"_links":{"self":[{"href":"https:\/\/blogs.correiobraziliense.com.br\/vicente\/wp-json\/wp\/v2\/posts\/12441","targetHints":{"allow":["GET"]}}],"collection":[{"href":"https:\/\/blogs.correiobraziliense.com.br\/vicente\/wp-json\/wp\/v2\/posts"}],"about":[{"href":"https:\/\/blogs.correiobraziliense.com.br\/vicente\/wp-json\/wp\/v2\/types\/post"}],"author":[{"embeddable":true,"href":"https:\/\/blogs.correiobraziliense.com.br\/vicente\/wp-json\/wp\/v2\/users\/22"}],"replies":[{"embeddable":true,"href":"https:\/\/blogs.correiobraziliense.com.br\/vicente\/wp-json\/wp\/v2\/comments?post=12441"}],"version-history":[{"count":2,"href":"https:\/\/blogs.correiobraziliense.com.br\/vicente\/wp-json\/wp\/v2\/posts\/12441\/revisions"}],"predecessor-version":[{"id":12443,"href":"https:\/\/blogs.correiobraziliense.com.br\/vicente\/wp-json\/wp\/v2\/posts\/12441\/revisions\/12443"}],"wp:featuredmedia":[{"embeddable":true,"href":"https:\/\/blogs.correiobraziliense.com.br\/vicente\/wp-json\/wp\/v2\/media\/12436"}],"wp:attachment":[{"href":"https:\/\/blogs.correiobraziliense.com.br\/vicente\/wp-json\/wp\/v2\/media?parent=12441"}],"wp:term":[{"taxonomy":"category","embeddable":true,"href":"https:\/\/blogs.correiobraziliense.com.br\/vicente\/wp-json\/wp\/v2\/categories?post=12441"},{"taxonomy":"post_tag","embeddable":true,"href":"https:\/\/blogs.correiobraziliense.com.br\/vicente\/wp-json\/wp\/v2\/tags?post=12441"}],"curies":[{"name":"wp","href":"https:\/\/api.w.org\/{rel}","templated":true}]}}