{"id":12438,"date":"2019-12-08T10:55:47","date_gmt":"2019-12-08T13:55:47","guid":{"rendered":"https:\/\/blogs.correiobraziliense.com.br\/vicente\/?p=12438"},"modified":"2019-12-08T19:18:37","modified_gmt":"2019-12-08T22:18:37","slug":"estou-revoltado-diz-funcionario-demitido-por-justa-causa-do-bndes","status":"publish","type":"post","link":"https:\/\/blogs.correiobraziliense.com.br\/vicente\/estou-revoltado-diz-funcionario-demitido-por-justa-causa-do-bndes\/","title":{"rendered":"&#8220;Estou revoltado&#8221;, diz funcion\u00e1rio demitido por justa causa do BNDES"},"content":{"rendered":"<h2>A temperatura no Banco Nacional de Desenvolvimento Social (BNDES) subiu depois que Gustavo Soares, que foi demitido por justa causa, acusado de vazar informa\u00e7\u00f5es sigilosas da institui\u00e7\u00e3o, divulgou uma carta aberta se defendendo do que chama de arbitrariedade. Funcion\u00e1rios da institui\u00e7\u00e3o dizem que o clima dentro do banco \u00e9 de ca\u00e7a \u00e0s bruxas.<\/h2>\n<p>&nbsp;<\/p>\n<p>Chama a aten\u00e7\u00e3o o fato de o BNDES n\u00e3o ter se manifestado at\u00e9 agora sobre o caso. Para os empregados do banco, a gest\u00e3o do atual presidente, Gustavo Montezano, \u00e9 de trucul\u00eancia. Ele n\u00e3o suporta ser contrariado e tem mania de persegui\u00e7\u00e3o.<\/p>\n<p>&nbsp;<\/p>\n<p>Leia, na \u00edntegra, a carta do funcion\u00e1rio demitido do BNDES:<\/p>\n<p>&nbsp;<\/p>\n<p>&#8220;Prezados colegas benedenses,<\/p>\n<p>Estou revoltado! Fui injustamente demitido de forma arbitr\u00e1ria e tendo negado o meu direito de defesa. Al\u00e9m disso, tenho recebido relatos sobre cal\u00fanias ao meu respeito, criadas por pessoas indignas. Esclare\u00e7o de imediato que n\u00e3o possu\u00eda qualquer programa (\u201crob\u00f4\u201d, ou coisa que o valha, como vem sendo veiculado) para copiar arquivos do Banco como alega por tr\u00eas vezes o parecer jur\u00eddico do BNDES, ignorando o que diz o pr\u00f3prio relat\u00f3rio da comiss\u00e3o de sindic\u00e2ncia!<\/p>\n<p>Nunca acessei diret\u00f3rio ou arquivo que estivesse bloqueado para mim, ou seja, n\u00e3o quebrei senhas ou fiz qualquer esfor\u00e7o nesse sentido. Nunca vazei qualquer informa\u00e7\u00e3o para fora do Banco. N\u00e3o tive qualquer atitude com inten\u00e7\u00e3o de prejudicar o BNDES ou qualquer pessoa.<\/p>\n<p>Estou me sentindo completamente injusti\u00e7ado e abandono minha privacidade para me expor e me defender neste momento.<\/p>\n<p>S\u00f3 me manifesto agora, pois s\u00f3 tive acesso \u00e0 justificativa da minha demiss\u00e3o por via judicial e depois de mais de 20 dias do ocorrido. E o que \u00e9 mais grave: a decis\u00e3o foi contr\u00e1ria \u00e0 recomenda\u00e7\u00e3o da sindic\u00e2ncia, n\u00e3o tive a possibilidade de argumentar em minha defesa e nem de contar com um advogado para isso.<\/p>\n<p>\u00c9 lament\u00e1vel saber que no BNDES alguns funcion\u00e1rios, por medo ou por embriaguez do poder, apoiaram esta medida e defendam que a demiss\u00e3o pode ocorrer sem a devida defesa do funcion\u00e1rio. Nosso Acordo Coletivo garante ampla defesa e o contradit\u00f3rio, que me foram negados. Este \u00e9 um precedente muito perigoso.<\/p>\n<p>Ressalto que ap\u00f3s a demiss\u00e3o, a AFBNDES est\u00e1 prestando toda a assessoria jur\u00eddica para que eu reverta esse absurdo na Justi\u00e7a. Sinto que fui utilizado como instrumento para aterrorizar os funcion\u00e1rios. J\u00e1 ocorreram casos muito mais graves que o meu e que nunca foram tratados dessa forma. Nunca fui advertido em raz\u00e3o de qualquer atitude no Banco e recebi a pena m\u00e1xima baseado em normas que a maioria na Casa desconhece.<\/p>\n<p>Infelizmente, sou apenas um funcion\u00e1rio contra uma administra\u00e7\u00e3o composta por pessoas influentes com conex\u00f5es pol\u00edticas. Acho que voc\u00eas podem imaginar minha ang\u00fastia durante todo esse tempo. Cabe lembrar que do dia para a noite, eu, minha esposa e meus dois filhos ficamos sem plano de sa\u00fade e recursos financeiros.<\/p>\n<p>Ainda acredito que tudo pode ser esclarecido e que a justi\u00e7a pode ser feita. \u00c9 pelo que estou lutando. Desculpem pelo longo texto, mas prezo pela transpar\u00eancia e pela verdade dos fatos.<\/p>\n<p>Resumidamente, fui acusado pela sindic\u00e2ncia de vazar informa\u00e7\u00e3o sigilosa, armazenar arquivo sigiloso em local inapropriado, usar documentos n\u00e3o relacionados ao meu trabalho e de possuir um trecho de c\u00f3digo que olhava a pasta p\u00fablica. O parecer do Banco assume adicionalmente inverdades sequer relacionadas na sindic\u00e2ncia, ou mesmo em contradi\u00e7\u00e3o com o que \u00e9 afirmado na mesma.<\/p>\n<p><strong>1. Sobre vazar informa\u00e7\u00e3o sigilosa:<\/strong><\/p>\n<p>\u2013 O documento n\u00e3o foi vazado, foi repassado somente para poucos funcion\u00e1rios do Banco e n\u00e3o h\u00e1 qualquer evid\u00eancia de que o documento tenha \u201csa\u00eddo\u201d da empresa.<\/p>\n<p>\u2013 O documento estava em uma pasta p\u00fablica que, pela norma, n\u00e3o deveria conter arquivos sigilosos.<\/p>\n<p>\u2013 V\u00e1rios funcion\u00e1rios foram ouvidos na sindic\u00e2ncia e afirmaram n\u00e3o reconhecer o documento como sigiloso.<\/p>\n<p>\u2013 O documento n\u00e3o continha classifica\u00e7\u00e3o da informa\u00e7\u00e3o, restri\u00e7\u00e3o de acesso ou identifica\u00e7\u00e3o do gestor da informa\u00e7\u00e3o.<\/p>\n<p>\u2013 O artigo oitavo da OS-2015 \u00e9 claro em informar que arquivos n\u00e3o classificados devem ser considerados como ostensivos.<\/p>\n<p>\u2013 Muitos arquivos j\u00e1 circularam pelo WhatsApp, inclusive com classifica\u00e7\u00e3o de informa\u00e7\u00e3o ou restri\u00e7\u00e3o de acesso e a ATI nunca se posicionou ou deu qualquer orienta\u00e7\u00e3o sobre isso.<\/p>\n<p>\u2013 A p\u00e1gina da seguran\u00e7a da informa\u00e7\u00e3o lista as informa\u00e7\u00f5es consideradas sens\u00edveis e nenhuma se faz presente no documento. E ainda informa que em regra as informa\u00e7\u00f5es do Banco s\u00e3o ostensivas.<\/p>\n<p>\u2013 O tema de seguran\u00e7a da informa\u00e7\u00e3o \u00e9 pouco difundido no Banco e a ATI em seu planejamento estrat\u00e9gico reconhece isso como uma fraqueza.<\/p>\n<p>\u2013 Uma grande evid\u00eancia de desconhecimento da classifica\u00e7\u00e3o de documentos no Banco \u00e9 a aus\u00eancia desta informa\u00e7\u00e3o nos depoimentos colhidos na sindic\u00e2ncia. Apesar de serem sigilosos, n\u00e3o possuem a classifica\u00e7\u00e3o da informa\u00e7\u00e3o, nem a restri\u00e7\u00e3o de acesso.<\/p>\n<p><strong>2. Sobre armazenar arquivo sigiloso em local inapropriado<\/strong><\/p>\n<p>\u2013 Foram encontrados, no computador que eu utilizava, v\u00e1rios arquivos que copiei manualmente do X que despertaram minha aten\u00e7\u00e3o e que eu analisaria futuramente.<\/p>\n<p>\u2013 Desde meu ingresso no BNDES, acessava o X como fonte de informa\u00e7\u00e3o. V\u00e1rios arquivos foram \u00fateis para o meu trabalho como apresenta\u00e7\u00f5es, materiais de curso etc.<\/p>\n<p>\u2013 Acontece que dentre os v\u00e1rios arquivos copiados uma \u00ednfima parte foi considerada como sigilosa, digo considerada porque sequer tive acesso para verificar os arquivos.<\/p>\n<p>\u2013 Eu copiava os arquivos e pastas do X e n\u00e3o analisei todos eles. Afinal, n\u00e3o tirei os arquivos do ambiente tecnol\u00f3gico do Banco.<\/p>\n<p>\u2013 A pr\u00f3pria c\u00f3pia de arquivos considerados sigilosos para o X configura a falta de conhecimento do corpo funcional.<\/p>\n<p><strong>3. Sobre usar documentos n\u00e3o relacionados ao meu trabalho<\/strong><\/p>\n<p>\u2013 Nunca deixei de cumprir com meus a fazeres e prazos no Banco. Em quase 9 anos alcancei o oitavo n\u00edvel, tendo recebido promo\u00e7\u00e3o especial. Logo, meus acessos \u00e0 pasta p\u00fablica n\u00e3o eram um passatempo e sequer eram indevidos.<\/p>\n<p>\u2013 Como sempre trabalhei no AGIR e na ATI, \u00e1reas distantes at\u00e9 fisicamente no Banco, recorri durante todo o tempo, principalmente no in\u00edcio da carreira, para me informar sobre a empresa atrav\u00e9s da pasta p\u00fablica da rede.<\/p>\n<p>\u2013 A pasta em que eu concentrava os arquivos copiados do X no meu computador era um reposit\u00f3rio de documentos n\u00e3o utilizados por mim. Simplesmente copiados e\/ou conferidos de forma r\u00e1pida.<\/p>\n<p>\u2013 Sempre acessei o X em busca de apresenta\u00e7\u00f5es (sempre fui respons\u00e1vel por faz\u00ea-las em minha ger\u00eancia ou departamento), informa\u00e7\u00f5es sobre o Banco, materiais de cursos etc.<\/p>\n<p>\u2013 V\u00e1rios executivos da ATI, gerentes e pelo menos tr\u00eas chefes de departamento tinham conhecimento do meu acesso corriqueiro \u00e0 pasta p\u00fablica.<\/p>\n<p><strong>4. Sobre possuir um trecho de c\u00f3digo que olhava a pasta p\u00fablica<\/strong><\/p>\n<p>\u2013 N\u00e3o sei precisar, mas suponho que h\u00e1 menos de 2 anos iniciei um embri\u00e3o de programa que consultava a pasta X.<\/p>\n<p>\u2013 Este arquivo n\u00e3o foi finalizado e nunca foi executado. N\u00e3o existe qualquer instru\u00e7\u00e3o para realizar c\u00f3pia neste programa. E somente consulta \u00e0 pasta X.<\/p>\n<p>\u2013 Nada no programa remete \u00e0 busca de arquivos sigilosos, confidenciais, ou outro termo que fa\u00e7a alus\u00e3o a sigilo.<\/p>\n<p>Reconhe\u00e7o que fui ing\u00eanuo e que desconhecia certas normas do Banco, mas jamais fui desleixado, desleal ou desonesto! Contribu\u00ed com as investiga\u00e7\u00f5es me apresentando espontaneamente e n\u00e3o posso conceber a aplica\u00e7\u00e3o da pena m\u00e1xima \u00e0s minhas atitudes.<\/p>\n<p>Finalizo com um agradecimento a todos que se solidarizam com a minha situa\u00e7\u00e3o e que me deram algum apoio durante este tempo.<\/p>\n<p>Gustavo M Soares&#8221;<\/p>\n<p>&nbsp;<\/p>\n<p><em>Bras\u00edlia, 10h55min<\/em><\/p>\n","protected":false},"excerpt":{"rendered":"<p>A temperatura no Banco Nacional de Desenvolvimento Social (BNDES) subiu depois que Gustavo Soares, que foi demitido por justa causa, acusado de vazar informa\u00e7\u00f5es sigilosas da institui\u00e7\u00e3o, divulgou uma carta aberta se defendendo do que chama de arbitrariedade. Funcion\u00e1rios da institui\u00e7\u00e3o dizem que o clima dentro do banco \u00e9 de ca\u00e7a \u00e0s bruxas. &nbsp; Chama [&hellip;]<\/p>\n","protected":false},"author":22,"featured_media":12439,"comment_status":"open","ping_status":"closed","sticky":false,"template":"","format":"standard","meta":{"footnotes":""},"categories":[600],"tags":[89,22,4301,3526,4303,3713],"class_list":["post-12438","post","type-post","status-publish","format-standard","has-post-thumbnail","hentry","category-economia","tag-bndes","tag-demissao","tag-gustavo-soares","tag-informacoes","tag-justa-causa","tag-vazamento"],"_links":{"self":[{"href":"https:\/\/blogs.correiobraziliense.com.br\/vicente\/wp-json\/wp\/v2\/posts\/12438","targetHints":{"allow":["GET"]}}],"collection":[{"href":"https:\/\/blogs.correiobraziliense.com.br\/vicente\/wp-json\/wp\/v2\/posts"}],"about":[{"href":"https:\/\/blogs.correiobraziliense.com.br\/vicente\/wp-json\/wp\/v2\/types\/post"}],"author":[{"embeddable":true,"href":"https:\/\/blogs.correiobraziliense.com.br\/vicente\/wp-json\/wp\/v2\/users\/22"}],"replies":[{"embeddable":true,"href":"https:\/\/blogs.correiobraziliense.com.br\/vicente\/wp-json\/wp\/v2\/comments?post=12438"}],"version-history":[{"count":1,"href":"https:\/\/blogs.correiobraziliense.com.br\/vicente\/wp-json\/wp\/v2\/posts\/12438\/revisions"}],"predecessor-version":[{"id":12440,"href":"https:\/\/blogs.correiobraziliense.com.br\/vicente\/wp-json\/wp\/v2\/posts\/12438\/revisions\/12440"}],"wp:featuredmedia":[{"embeddable":true,"href":"https:\/\/blogs.correiobraziliense.com.br\/vicente\/wp-json\/wp\/v2\/media\/12439"}],"wp:attachment":[{"href":"https:\/\/blogs.correiobraziliense.com.br\/vicente\/wp-json\/wp\/v2\/media?parent=12438"}],"wp:term":[{"taxonomy":"category","embeddable":true,"href":"https:\/\/blogs.correiobraziliense.com.br\/vicente\/wp-json\/wp\/v2\/categories?post=12438"},{"taxonomy":"post_tag","embeddable":true,"href":"https:\/\/blogs.correiobraziliense.com.br\/vicente\/wp-json\/wp\/v2\/tags?post=12438"}],"curies":[{"name":"wp","href":"https:\/\/api.w.org\/{rel}","templated":true}]}}