{"id":12423,"date":"2019-12-06T15:00:21","date_gmt":"2019-12-06T18:00:21","guid":{"rendered":"https:\/\/blogs.correiobraziliense.com.br\/vicente\/?p=12423"},"modified":"2019-12-06T15:00:21","modified_gmt":"2019-12-06T18:00:21","slug":"grandes-bancos-apostam-em-corte-de-05-ponto-na-selic-semana-que-vem","status":"publish","type":"post","link":"https:\/\/blogs.correiobraziliense.com.br\/vicente\/grandes-bancos-apostam-em-corte-de-05-ponto-na-selic-semana-que-vem\/","title":{"rendered":"Grandes bancos apostam em corte de 0,5 ponto na Selic semana que vem"},"content":{"rendered":"<p>ROSANA HESSEL<\/p>\n<p>&nbsp;<\/p>\n<p>Os maiores bancos privados nacionais, Ita\u00fa Unibanco e Bradesco, apostam que, na pr\u00f3xima semana, o Comit\u00ea de Pol\u00edtica Monet\u00e1ria (Copom) vai reduzir a taxa b\u00e1sica de juros (Selic) em mais 0,5 ponto percentual, para 4,5% ao ano, nova m\u00ednima hist\u00f3rica. Atualmente os juros b\u00e1sicos est\u00e3o em 5% anuais.<\/p>\n<p>&nbsp;<\/p>\n<p>A \u00faltima reuni\u00e3o do Copom no ano acontece nos dias 10 e 11 deste m\u00eas. Apesar de o \u00cdndice de Pre\u00e7os ao Consumidor Amplo (IPCA) ter encerrado novembro com alta de 0,51%, acima da expectativa do mercado, o Bradesco acredita que isso n\u00e3o dever\u00e1 impedir que os diretores do BC realizem o corte esperado na Selic, porque os n\u00facleos de infla\u00e7\u00e3o se encontram &#8220;confort\u00e1veis&#8221; entre 2,5% e 3%.<\/p>\n<p>&nbsp;<\/p>\n<p>&#8220;Algumas mudan\u00e7as marcaram o cen\u00e1rio econ\u00f4mico no \u00faltimo m\u00eas. Enquanto o crescimento continuou ganhando tra\u00e7\u00e3o, o real se desvalorizou e a infla\u00e7\u00e3o foi afetada por diversos choques&#8221;, informou o Bradesco, que prev\u00ea a Selic em 4,25% anuais, no fim de 2020.\u00a0Pelas novas proje\u00e7\u00f5es do banco, o Produto Interno Bruto (PIB) dever\u00e1 avan\u00e7ar 2,5% no ano que vem. Antes, essa previs\u00e3o era de 2,2%. A institui\u00e7\u00e3o elevou de 0,9% para 1,2% a estimativa de avan\u00e7o do PIB neste ano.<\/p>\n<p>&nbsp;<\/p>\n<p>As apostas do Ita\u00fa s\u00e3o de continuidade no ciclo de cortes da Selic considerando um cen\u00e1rio de infla\u00e7\u00e3o e c\u00e2mbio constantes.\u00a0 &#8220;N\u00e3o vemos risco de infla\u00e7\u00e3o excessiva no horizonte relevante para a pol\u00edtica monet\u00e1ria, mesmo considerando um cen\u00e1rio de continua\u00e7\u00e3o de retomada da atividade econ\u00f4mica, os choques de pre\u00e7os recentes e o c\u00e2mbio em um patamar mais depreciado&#8221;, informou o banco. A institui\u00e7\u00e3o calcula que a Selic encerrar\u00e1 em 4% ao ano, em 2020.<\/p>\n<p>&nbsp;<\/p>\n","protected":false},"excerpt":{"rendered":"<p>ROSANA HESSEL &nbsp; Os maiores bancos privados nacionais, Ita\u00fa Unibanco e Bradesco, apostam que, na pr\u00f3xima semana, o Comit\u00ea de Pol\u00edtica Monet\u00e1ria (Copom) vai reduzir a taxa b\u00e1sica de juros (Selic) em mais 0,5 ponto percentual, para 4,5% ao ano, nova m\u00ednima hist\u00f3rica. Atualmente os juros b\u00e1sicos est\u00e3o em 5% anuais. &nbsp; A \u00faltima reuni\u00e3o [&hellip;]<\/p>\n","protected":false},"author":22,"featured_media":0,"comment_status":"open","ping_status":"closed","sticky":false,"template":"","format":"standard","meta":{"footnotes":""},"categories":[600],"tags":[99,1213,4,58,34],"class_list":["post-12423","post","type-post","status-publish","format-standard","hentry","category-economia","tag-copom","tag-ipca","tag-juros","tag-pib","tag-selic"],"_links":{"self":[{"href":"https:\/\/blogs.correiobraziliense.com.br\/vicente\/wp-json\/wp\/v2\/posts\/12423","targetHints":{"allow":["GET"]}}],"collection":[{"href":"https:\/\/blogs.correiobraziliense.com.br\/vicente\/wp-json\/wp\/v2\/posts"}],"about":[{"href":"https:\/\/blogs.correiobraziliense.com.br\/vicente\/wp-json\/wp\/v2\/types\/post"}],"author":[{"embeddable":true,"href":"https:\/\/blogs.correiobraziliense.com.br\/vicente\/wp-json\/wp\/v2\/users\/22"}],"replies":[{"embeddable":true,"href":"https:\/\/blogs.correiobraziliense.com.br\/vicente\/wp-json\/wp\/v2\/comments?post=12423"}],"version-history":[{"count":1,"href":"https:\/\/blogs.correiobraziliense.com.br\/vicente\/wp-json\/wp\/v2\/posts\/12423\/revisions"}],"predecessor-version":[{"id":12424,"href":"https:\/\/blogs.correiobraziliense.com.br\/vicente\/wp-json\/wp\/v2\/posts\/12423\/revisions\/12424"}],"wp:attachment":[{"href":"https:\/\/blogs.correiobraziliense.com.br\/vicente\/wp-json\/wp\/v2\/media?parent=12423"}],"wp:term":[{"taxonomy":"category","embeddable":true,"href":"https:\/\/blogs.correiobraziliense.com.br\/vicente\/wp-json\/wp\/v2\/categories?post=12423"},{"taxonomy":"post_tag","embeddable":true,"href":"https:\/\/blogs.correiobraziliense.com.br\/vicente\/wp-json\/wp\/v2\/tags?post=12423"}],"curies":[{"name":"wp","href":"https:\/\/api.w.org\/{rel}","templated":true}]}}