{"id":12413,"date":"2019-12-05T19:09:57","date_gmt":"2019-12-05T22:09:57","guid":{"rendered":"https:\/\/blogs.correiobraziliense.com.br\/vicente\/?p=12413"},"modified":"2019-12-05T19:47:06","modified_gmt":"2019-12-05T22:47:06","slug":"inflacao-de-novembro-quase-quintuplica-em-dezembro-chegara-perto-de-1","status":"publish","type":"post","link":"https:\/\/blogs.correiobraziliense.com.br\/vicente\/inflacao-de-novembro-quase-quintuplica-em-dezembro-chegara-perto-de-1\/","title":{"rendered":"Infla\u00e7\u00e3o de novembro quase quintuplica. Em dezembro, chegar\u00e1 perto de 1%"},"content":{"rendered":"<h2>Os brasileiros que est\u00e3o indo aos supermercados t\u00eam levado um susto. E n\u00e3o somente por causa dos pre\u00e7os da carne, que deram um salto espetacular nas \u00faltimas semanas. A alta dos alimentos tem sido quase generalizada, obrigando os consumidores a selecionarem melhor os produtos que levam para casa.<\/h2>\n<p>&nbsp;<\/p>\n<p>Pelas proje\u00e7\u00f5es do economista-chefe da Corretora Ativa, Carlos Thadeu Filho, o \u00cdndice de Pre\u00e7os ao Consumidor Amplo (IPCA), que ser\u00e1 divulgado nesta sexta-feira (06\/12) pelo Instituto Brasileiro de Geografia e Estat\u00edstica (IBGE), fechou novembro com alta de 0,48%, quase cinco vezes maior que o 0,10% do m\u00eas anterior. Em dezembro, o IPCA deve chegar a 0,92%.<\/p>\n<p>&nbsp;<\/p>\n<p>N\u00e3o ser\u00e1 surpresa, segundo Thadeu Filho, se a infla\u00e7\u00e3o de novembro, que sair\u00e1 nesta sexta, ser ainda maior, acima de 0,50%. Tr\u00eas grupos de pre\u00e7os, no entender dele, est\u00e3o pressionando o bolso dos consumidores: carne bovina, artigos de higiene pessoal e refei\u00e7\u00e3o fora de casa.<\/p>\n<p>&nbsp;<\/p>\n<p>Para o economista da Ativa, o al\u00edvio na infla\u00e7\u00e3o s\u00f3 dever\u00e1 vir em janeiro, quando o IPCA tender\u00e1 a se situar em torno de 0,40%. At\u00e9 l\u00e1, \u00e9 bom os consumidores se prepararem para pre\u00e7os mais salgados em itens b\u00e1sicos.<\/p>\n<p>&nbsp;<\/p>\n<p><strong>Mais pobres<\/strong><\/p>\n<p>&nbsp;<\/p>\n<p>No caso das carnes, os reajustes est\u00e3o sendo puxados pela demanda maior vinda da China. Como a oferta mundial diminuiu, os exportadores foram chamados para suprir os consumidores chineses. E esse movimento ainda vai levar um bom tempo.<\/p>\n<p>&nbsp;<\/p>\n<p>Nos demais casos, os empres\u00e1rios est\u00e3o se aproveitando para repor parte das margens de lucro. Neste fim de ano, os consumidores refor\u00e7aram o or\u00e7amentos com a libera\u00e7\u00e3o dos saques do Fundo de Garantia do Tempo de Servi\u00e7o (FGTS), o recebimento do 13 sal\u00e1rio e a restitui\u00e7\u00e3o do Imposto de Renda (IR).<\/p>\n<p>&nbsp;<\/p>\n<p>Com mais dinheiro no bolso, os consumidores costumam ficar mais lenientes em rela\u00e7\u00e3o aos pre\u00e7os. Reclamam, mas pagam. Como sempre, os que mais sofrem com a disparada dos pre\u00e7os dos alimentos s\u00e3o os mais pobres. Os gastos com esses itens b\u00e1sicos representam o grosso da renda dessas pessoas.<\/p>\n<p>&nbsp;<\/p>\n<p><em>Bras\u00edlia, 19h09min<\/em><\/p>\n","protected":false},"excerpt":{"rendered":"<p>Os brasileiros que est\u00e3o indo aos supermercados t\u00eam levado um susto. E n\u00e3o somente por causa dos pre\u00e7os da carne, que deram um salto espetacular nas \u00faltimas semanas. A alta dos alimentos tem sido quase generalizada, obrigando os consumidores a selecionarem melhor os produtos que levam para casa. &nbsp; Pelas proje\u00e7\u00f5es do economista-chefe da Corretora [&hellip;]<\/p>\n","protected":false},"author":22,"featured_media":9718,"comment_status":"open","ping_status":"closed","sticky":false,"template":"","format":"standard","meta":{"footnotes":""},"categories":[600],"tags":[608,4286,4288,4287,14,1213,1180],"class_list":["post-12413","post","type-post","status-publish","format-standard","has-post-thumbnail","hentry","category-economia","tag-carlos-thadeu-filho","tag-carne","tag-corretora-ativa","tag-dezembro","tag-inflacao","tag-ipca","tag-novembro"],"_links":{"self":[{"href":"https:\/\/blogs.correiobraziliense.com.br\/vicente\/wp-json\/wp\/v2\/posts\/12413","targetHints":{"allow":["GET"]}}],"collection":[{"href":"https:\/\/blogs.correiobraziliense.com.br\/vicente\/wp-json\/wp\/v2\/posts"}],"about":[{"href":"https:\/\/blogs.correiobraziliense.com.br\/vicente\/wp-json\/wp\/v2\/types\/post"}],"author":[{"embeddable":true,"href":"https:\/\/blogs.correiobraziliense.com.br\/vicente\/wp-json\/wp\/v2\/users\/22"}],"replies":[{"embeddable":true,"href":"https:\/\/blogs.correiobraziliense.com.br\/vicente\/wp-json\/wp\/v2\/comments?post=12413"}],"version-history":[{"count":2,"href":"https:\/\/blogs.correiobraziliense.com.br\/vicente\/wp-json\/wp\/v2\/posts\/12413\/revisions"}],"predecessor-version":[{"id":12415,"href":"https:\/\/blogs.correiobraziliense.com.br\/vicente\/wp-json\/wp\/v2\/posts\/12413\/revisions\/12415"}],"wp:featuredmedia":[{"embeddable":true,"href":"https:\/\/blogs.correiobraziliense.com.br\/vicente\/wp-json\/wp\/v2\/media\/9718"}],"wp:attachment":[{"href":"https:\/\/blogs.correiobraziliense.com.br\/vicente\/wp-json\/wp\/v2\/media?parent=12413"}],"wp:term":[{"taxonomy":"category","embeddable":true,"href":"https:\/\/blogs.correiobraziliense.com.br\/vicente\/wp-json\/wp\/v2\/categories?post=12413"},{"taxonomy":"post_tag","embeddable":true,"href":"https:\/\/blogs.correiobraziliense.com.br\/vicente\/wp-json\/wp\/v2\/tags?post=12413"}],"curies":[{"name":"wp","href":"https:\/\/api.w.org\/{rel}","templated":true}]}}