{"id":12410,"date":"2019-12-05T16:55:55","date_gmt":"2019-12-05T19:55:55","guid":{"rendered":"https:\/\/blogs.correiobraziliense.com.br\/vicente\/?p=12410"},"modified":"2019-12-05T18:49:47","modified_gmt":"2019-12-05T21:49:47","slug":"privatizacao-do-banco-do-brasil-foi-para-o-fim-da-fila-diz-integrante-do-governo","status":"publish","type":"post","link":"https:\/\/blogs.correiobraziliense.com.br\/vicente\/privatizacao-do-banco-do-brasil-foi-para-o-fim-da-fila-diz-integrante-do-governo\/","title":{"rendered":"&#8220;Privatiza\u00e7\u00e3o do Banco do Brasil foi para o fim da fila&#8221;, diz integrante do governo"},"content":{"rendered":"<h2>Diante de toda a pol\u00eamica criada pela poss\u00edvel privatiza\u00e7\u00e3o do Banco do Brasil, a equipe econ\u00f4mica decidiu colocar a venda da institui\u00e7\u00e3o no &#8220;fim da fila&#8221;. A determina\u00e7\u00e3o do ministro da Economia, Paulo Guedes, \u00e9 para que os t\u00e9cnicos se concentrem no que \u00e9 poss\u00edvel.<\/h2>\n<p>&nbsp;<\/p>\n<p>Isso n\u00e3o quer dizer que a privatiza\u00e7\u00e3o do Banco do Brasil est\u00e1 totalmente descartada. N\u00e3o est\u00e1. &#8220;Mas ficar\u00e1 para o fim da fila&#8221;, diz um integrante do governo. &#8220;L\u00e1 na frente, certamente o povo vai entender que n\u00e3o h\u00e1 porque manter um patrim\u00f4nio t\u00e3o grande sob gest\u00e3o do Estado sujeito \u00e0 corrup\u00e7\u00e3o&#8221;, acrescenta.<\/p>\n<p>&nbsp;<\/p>\n<p>Sem o Banco do Brasil no radar, por enquanto, a ordem dada ao secret\u00e1rio de Desestatiza\u00e7\u00e3o do Minist\u00e9rio da Economia, Salim Mattar, \u00e9 focar no projeto que ser\u00e1 encaminhado ao Congresso que trata do fast track (via r\u00e1pida) para a venda de estatais. Ou seja, o governo quer que o Legislativo elimine uma s\u00e9rie de entraves para a privatiza\u00e7\u00e3o.<\/p>\n<p>&nbsp;<\/p>\n<p>A lista inicial de venda inclui Correios, Eletrobras e Casa da Moeda. &#8220;Mas o processo de venda ser\u00e1 bem amplo&#8221;, destaca o mesmo t\u00e9cnico. Ele afirma que Paulo Guedes est\u00e1 convencido de que uma das marcas do governo Bolsonaro deve ser a do enxugamento do Estado. &#8220;Vamos at\u00e9 onde for poss\u00edvel, podem acreditar&#8221;, ressalta.<\/p>\n<p>&nbsp;<\/p>\n<p><strong>Lobby poderoso<\/strong><\/p>\n<p>&nbsp;<\/p>\n<p>O Minist\u00e9rio da Economia tem total conhecimento de que h\u00e1 um lobby poderoso dentro do Pal\u00e1cio do Planalto, no entorno do presidente da Rep\u00fablica, para restringir ao m\u00e1ximo o programa de venda de estatais. &#8220;Mas vamos vencer isso com bons argumentos, um deles, a necessidade de melhorar os resultados das contas p\u00fablicas&#8221;, acrescenta um outro t\u00e9cnico.<\/p>\n<p>&nbsp;<\/p>\n<p>Na avalia\u00e7\u00e3o de integrantes da equipe de Guedes, \u00e0 medida que a economia for apresentando resultados mais robustos \u2014 a recupera\u00e7\u00e3o, segundo eles, s\u00f3 est\u00e1 no in\u00edcio \u2014 as resist\u00eancias \u00e0 venda de estatais v\u00e3o diminuir por pragmatismo.<\/p>\n<p>&nbsp;<\/p>\n<p>&#8220;Quem, l\u00e1 na frente, ter\u00e1 coragem de ir contra uma pol\u00edtica que tirou o Brasil do atoleiro econ\u00f4mico e que ser\u00e1 decisiva para uma eventual reelei\u00e7\u00e3o do presidente Bolsonaro?&#8221;, questiona um dos t\u00e9cnicos.\u00a0 &#8220;Nesses meses em que estamos no governo j\u00e1 aprendemos que os interesses pol\u00edticos falam mais alto&#8221;, emenda.<\/p>\n<p>&nbsp;<\/p>\n<p><em>Bras\u00edlia, 16h55min<\/em><\/p>\n","protected":false},"excerpt":{"rendered":"<p>Diante de toda a pol\u00eamica criada pela poss\u00edvel privatiza\u00e7\u00e3o do Banco do Brasil, a equipe econ\u00f4mica decidiu colocar a venda da institui\u00e7\u00e3o no &#8220;fim da fila&#8221;. A determina\u00e7\u00e3o do ministro da Economia, Paulo Guedes, \u00e9 para que os t\u00e9cnicos se concentrem no que \u00e9 poss\u00edvel. &nbsp; Isso n\u00e3o quer dizer que a privatiza\u00e7\u00e3o do Banco [&hellip;]<\/p>\n","protected":false},"author":22,"featured_media":11442,"comment_status":"open","ping_status":"closed","sticky":false,"template":"","format":"standard","meta":{"footnotes":""},"categories":[600],"tags":[229,1363,255,1534,177,3613,540],"class_list":["post-12410","post","type-post","status-publish","format-standard","has-post-thumbnail","hentry","category-economia","tag-banco-do-brasil","tag-correios","tag-corrupcao","tag-eletrobras","tag-estatais","tag-paulo-guedes","tag-privatizacao"],"_links":{"self":[{"href":"https:\/\/blogs.correiobraziliense.com.br\/vicente\/wp-json\/wp\/v2\/posts\/12410","targetHints":{"allow":["GET"]}}],"collection":[{"href":"https:\/\/blogs.correiobraziliense.com.br\/vicente\/wp-json\/wp\/v2\/posts"}],"about":[{"href":"https:\/\/blogs.correiobraziliense.com.br\/vicente\/wp-json\/wp\/v2\/types\/post"}],"author":[{"embeddable":true,"href":"https:\/\/blogs.correiobraziliense.com.br\/vicente\/wp-json\/wp\/v2\/users\/22"}],"replies":[{"embeddable":true,"href":"https:\/\/blogs.correiobraziliense.com.br\/vicente\/wp-json\/wp\/v2\/comments?post=12410"}],"version-history":[{"count":1,"href":"https:\/\/blogs.correiobraziliense.com.br\/vicente\/wp-json\/wp\/v2\/posts\/12410\/revisions"}],"predecessor-version":[{"id":12412,"href":"https:\/\/blogs.correiobraziliense.com.br\/vicente\/wp-json\/wp\/v2\/posts\/12410\/revisions\/12412"}],"wp:featuredmedia":[{"embeddable":true,"href":"https:\/\/blogs.correiobraziliense.com.br\/vicente\/wp-json\/wp\/v2\/media\/11442"}],"wp:attachment":[{"href":"https:\/\/blogs.correiobraziliense.com.br\/vicente\/wp-json\/wp\/v2\/media?parent=12410"}],"wp:term":[{"taxonomy":"category","embeddable":true,"href":"https:\/\/blogs.correiobraziliense.com.br\/vicente\/wp-json\/wp\/v2\/categories?post=12410"},{"taxonomy":"post_tag","embeddable":true,"href":"https:\/\/blogs.correiobraziliense.com.br\/vicente\/wp-json\/wp\/v2\/tags?post=12410"}],"curies":[{"name":"wp","href":"https:\/\/api.w.org\/{rel}","templated":true}]}}