{"id":12402,"date":"2019-12-05T14:44:01","date_gmt":"2019-12-05T17:44:01","guid":{"rendered":"https:\/\/blogs.correiobraziliense.com.br\/vicente\/?p=12402"},"modified":"2019-12-05T18:23:51","modified_gmt":"2019-12-05T21:23:51","slug":"ramos-mantem-as-redeas-sobre-emendas-e-articula-cronograma-de-liberacao-com-maia","status":"publish","type":"post","link":"https:\/\/blogs.correiobraziliense.com.br\/vicente\/ramos-mantem-as-redeas-sobre-emendas-e-articula-cronograma-de-liberacao-com-maia\/","title":{"rendered":"Ramos mant\u00e9m as r\u00e9deas sobre emendas e articula cronograma de libera\u00e7\u00e3o com Maia"},"content":{"rendered":"<p><span style=\"font-weight: 400\">RODOLFO COSTA<\/span><\/p>\n<p>&nbsp;<\/p>\n<p><span style=\"font-weight: 400\">O ministro-chefe da Secretaria de Governo (Segov), Luiz Eduardo Ramos, n\u00e3o delegou a fun\u00e7\u00e3o de articular o cronograma da libera\u00e7\u00e3o de emendas parlamentares n\u00e3o impositivas junto ao presidente da C\u00e2mara, Rodrigo Maia (DEM-RJ). <a href=\"https:\/\/blogs.correiobraziliense.com.br\/vicente\/maia-articula-com-casa-civil-cronograma-para-pagamento-de-verbas-prometidas-pelo-governo\/\"><strong>Diferentemente do que publicou <\/strong><\/a>o\u00a0<\/span><strong>Blog<\/strong><span style=\"font-weight: 400\">, o articulador pol\u00edtico do governo n\u00e3o transferiu essa miss\u00e3o ao ministro-chefe da Casa Civil, Onyx Lorenzoni, mas interlocutores admitem que ele mant\u00e9m conversas pr\u00f3ximas com Maia. &#8220;Ele tem o jogo total sobre as emendas&#8221;, sustentou um assessor.\u00a0<\/span><\/p>\n<p>&nbsp;<\/p>\n<p><span style=\"font-weight: 400\">O relacionamento entre Ramos e Onyx, diferentemente do que se aponta no Congresso, vai de vento em popa, asseguram assessores do ministro. Eles sugerem que tudo n\u00e3o passa de \u201cru\u00eddos\u201d, garantindo que ele permanece \u00e0 frente de todas as tratativas com deputados e senadores para garantir, at\u00e9 31 de dezembro, a libera\u00e7\u00e3o de recursos prometidos pelo governo aos parlamentares.\u00a0<\/span><\/p>\n<p>&nbsp;<\/p>\n<p><span style=\"font-weight: 400\">A rela\u00e7\u00e3o com Maia tamb\u00e9m \u00e9 boa. Sobretudo nessa reta final de ano, Ramos mobilizou uma for\u00e7a-tarefa em seu quadro t\u00e9cnico para auxili\u00e1-lo na miss\u00e3o de garantir que todos os acordos sejam cumpridos. O pr\u00f3prio secret\u00e1rio-executivo da pasta, J\u00f4nathas Nery de Castro, o auxilia no contato com Maia. Toda semana, o auxiliar dialoga com a equipe do demista. Quando necess\u00e1rio, representa o ministro em reuni\u00f5es.\u00a0<\/span><\/p>\n<p>&nbsp;<\/p>\n<p><span style=\"font-weight: 400\">Os \u201cru\u00eddos\u201d s\u00e3o mais intensos na C\u00e2mara. \u201cNo Senado, n\u00e3o h\u00e1. Disseram que o Davi (Alcolumbre, presidente do Senado) n\u00e3o queria pautar o PLN 48, mas isso n\u00e3o procede. O Ramos est\u00e1 em contato direto, tanto que a resposta do gabinete do Davi \u00e9 de que o texto ser\u00e1 votado na pr\u00f3xima semana\u201d, destacou um assessor. O PLN prop\u00f5e a abertura de cr\u00e9dito suplementar no valor de R$ 3,82 bilh\u00f5es em recursos que ser\u00e3o remanejados dentro do pr\u00f3prio Or\u00e7amento da Uni\u00e3o.\u00a0<\/span><\/p>\n<p>&nbsp;<\/p>\n<p><strong>Pente fino<\/strong><\/p>\n<p><span style=\"font-weight: 400\">As informa\u00e7\u00f5es que circulam no Parlamento apontam que <a href=\"https:\/\/blogs.correiobraziliense.com.br\/vicente\/senadores-trabalham-para-elevar-em-ate-r-12-bilhoes-recursos-a-receber-do-governo\/\"><strong>senadores trabalham para elevar os valores a serem remanejados<\/strong><\/a> dos R$ 3,82 bilh\u00f5es para at\u00e9 R$ 12 bilh\u00f5es, mas interlocutores da Segov negam. \u201cIsso a\u00ed \u00e9 boato. O (Paulo) Guedes (ministro da Economia) liberou mais R$ 1,9 bilh\u00e3o, mas \u00e9 um neg\u00f3cio a ser tratado com calma, com bons acordos\u201d, sustentou um t\u00e9cnico.\u00a0<\/span><\/p>\n<p>&nbsp;<\/p>\n<p><span style=\"font-weight: 400\">Os barulhos na C\u00e2mara ecoam mais, sobretudo, entre l\u00edderes partid\u00e1rios. H\u00e1 uma press\u00e3o para que a Segov pague a alguns parlamentares R$ 35 milh\u00f5es em emendas. O valor, contudo, \u00e9 fora do padr\u00e3o acordado. \u201cO Ramos vai cumprir com a libera\u00e7\u00e3o dos R$ 20 milh\u00f5es prometidos\u201d, destacou um assessor. O articulador conduz um pente fino para garantir que congressistas n\u00e3o recebam a mais, nem a menos do combinado. \u201cQuem recebeu R$ 5 milh\u00f5es ainda vai receber R$ 15 mi, e quem recebeu R$ 12 mi vai receber mais R$ 8 mi\u201d, justificou.\u00a0<\/span><\/p>\n<p>&nbsp;<\/p>\n<p><strong>Rigor<\/strong><\/p>\n<p><span style=\"font-weight: 400\">Por conta do rigor com a contabilidade, comenta-se no Parlamento que o governo n\u00e3o honrar\u00e1 o compromisso e que, por isso, o Executivo n\u00e3o estranhe se sofrer derrotas ou ter projetos de interesse aprovados de uma maneira desidratada. A equipe de Ramos, contudo, garante que tudo est\u00e1 sendo encaminhado. \u201cO jogo duro, o controle exato, no bom sentido, precisa acontecer. Quando existe descontrole, \u00e9 bom para alguns se darem bem \u00e0s custas de outros\u201d, analisou um t\u00e9cnico.<\/span><\/p>\n<p>&nbsp;<\/p>\n<p><span style=\"font-weight: 400\">O ministro tem frisado a parlamentares, contudo, que verbas vinculadas ao Minist\u00e9rio do Desenvolvimento Regional (MDR) ser\u00e3o pagas no momento oportuno. \u201cComo \u00e9 empenho, s\u00e3o recursos que ficam condicionados \u00e0 conclus\u00e3o das obras. Mas tudo o que \u00e9 devido ser\u00e1 liberado. Estamos debru\u00e7ados sobre planilhas e adotando crit\u00e9rios coordenados pelo ministro para honrar tudo\u201d, explicou o assessor. <\/span><\/p>\n","protected":false},"excerpt":{"rendered":"<p>RODOLFO COSTA &nbsp; O ministro-chefe da Secretaria de Governo (Segov), Luiz Eduardo Ramos, n\u00e3o delegou a fun\u00e7\u00e3o de articular o cronograma da libera\u00e7\u00e3o de emendas parlamentares n\u00e3o impositivas junto ao presidente da C\u00e2mara, Rodrigo Maia (DEM-RJ). Diferentemente do que publicou o\u00a0Blog, o articulador pol\u00edtico do governo n\u00e3o transferiu essa miss\u00e3o ao ministro-chefe da Casa Civil, [&hellip;]<\/p>\n","protected":false},"author":22,"featured_media":11769,"comment_status":"open","ping_status":"closed","sticky":false,"template":"","format":"standard","meta":{"footnotes":""},"categories":[600],"tags":[134,254,1223,467,2491,2522,3989,3081,586],"class_list":["post-12402","post","type-post","status-publish","format-standard","has-post-thumbnail","hentry","category-economia","tag-camara","tag-congresso","tag-emendas","tag-governo","tag-maia","tag-parlamentares","tag-ramos","tag-secretaria","tag-senado"],"_links":{"self":[{"href":"https:\/\/blogs.correiobraziliense.com.br\/vicente\/wp-json\/wp\/v2\/posts\/12402","targetHints":{"allow":["GET"]}}],"collection":[{"href":"https:\/\/blogs.correiobraziliense.com.br\/vicente\/wp-json\/wp\/v2\/posts"}],"about":[{"href":"https:\/\/blogs.correiobraziliense.com.br\/vicente\/wp-json\/wp\/v2\/types\/post"}],"author":[{"embeddable":true,"href":"https:\/\/blogs.correiobraziliense.com.br\/vicente\/wp-json\/wp\/v2\/users\/22"}],"replies":[{"embeddable":true,"href":"https:\/\/blogs.correiobraziliense.com.br\/vicente\/wp-json\/wp\/v2\/comments?post=12402"}],"version-history":[{"count":5,"href":"https:\/\/blogs.correiobraziliense.com.br\/vicente\/wp-json\/wp\/v2\/posts\/12402\/revisions"}],"predecessor-version":[{"id":12411,"href":"https:\/\/blogs.correiobraziliense.com.br\/vicente\/wp-json\/wp\/v2\/posts\/12402\/revisions\/12411"}],"wp:featuredmedia":[{"embeddable":true,"href":"https:\/\/blogs.correiobraziliense.com.br\/vicente\/wp-json\/wp\/v2\/media\/11769"}],"wp:attachment":[{"href":"https:\/\/blogs.correiobraziliense.com.br\/vicente\/wp-json\/wp\/v2\/media?parent=12402"}],"wp:term":[{"taxonomy":"category","embeddable":true,"href":"https:\/\/blogs.correiobraziliense.com.br\/vicente\/wp-json\/wp\/v2\/categories?post=12402"},{"taxonomy":"post_tag","embeddable":true,"href":"https:\/\/blogs.correiobraziliense.com.br\/vicente\/wp-json\/wp\/v2\/tags?post=12402"}],"curies":[{"name":"wp","href":"https:\/\/api.w.org\/{rel}","templated":true}]}}