{"id":12397,"date":"2019-12-05T10:44:25","date_gmt":"2019-12-05T13:44:25","guid":{"rendered":"https:\/\/blogs.correiobraziliense.com.br\/vicente\/?p=12397"},"modified":"2019-12-05T10:47:59","modified_gmt":"2019-12-05T13:47:59","slug":"70-entidades-patronais-e-de-classe-protestam-contra-reforma-de-pis-cofins","status":"publish","type":"post","link":"https:\/\/blogs.correiobraziliense.com.br\/vicente\/70-entidades-patronais-e-de-classe-protestam-contra-reforma-de-pis-cofins\/","title":{"rendered":"70 entidades patronais e profissionais se unem contra unifica\u00e7\u00e3o de PIS-Cofins"},"content":{"rendered":"<p style=\"font-weight: 400\"><span style=\"font-weight: 400\">ROSANA HESSEL<\/span><\/p>\n<p style=\"font-weight: 400\"><span style=\"font-weight: 400\">Seis confedera\u00e7\u00f5es e 64 entidades empresariais e de profissionais de classe do setor de com\u00e9rcio e de servi\u00e7os se uniram contra a proposta de unifica\u00e7\u00e3o do Programa de Integra\u00e7\u00e3o Social (PIS) e da Contribui\u00e7\u00e3o para o Financiamento da Seguridade Social (Cofins), que est\u00e1 sendo cogitada pelo ministro da Economia, Paulo Guedes. As 70 entidades publicaram um manifesto nesta quinta-feira (05\/12) contra essa reforma que prev\u00ea uma al\u00edquota \u00fanica de 11% de PIS-Cofins.<\/span><\/p>\n<p>&nbsp;<\/p>\n<p style=\"font-weight: 400\"><span style=\"font-weight: 400\">\u201cIsso significaria aumento de impostos e maior complexidade para mais de 95% das empresas do pa\u00eds que hoje operam no regime cumulativo. Nesse regime, empresas pagam <\/span><span style=\"font-weight: 400\">al\u00edquota de 3% de <\/span><span style=\"font-weight: 400\">Cofins <\/span><span style=\"font-weight: 400\">e de 0,65% de PIS, podendo ser menores no caso de empresas cadastradas no Simples\u201d, informa o comunicado das entidades divulgado hoje.<\/span><\/p>\n<p>&nbsp;<\/p>\n<p style=\"font-weight: 400\"><span style=\"font-weight: 400\">A unifica\u00e7\u00e3o dos dois tributos federais \u00e9 vista como alternativa \u00e0 falta uma proposta mais ampla de reforma tribut\u00e1ria do Executivo, ap\u00f3s o fracasso com a volta da\u00a0 CPMF (Contribui\u00e7\u00e3o Provis\u00f3ria sobre Movimenta\u00e7\u00e3o Financeira), que culminou com a queda de Marcos Cintra na secretaria especial da Receita Federal. A ideia est\u00e1 sendo elaborada pelo novo secret\u00e1rio especial da Receita, Jos\u00e9 Barroso Tostes Neto, e pela assessora especial do ministro Vanessa Canado, que entrou no governo em outubro e trabalhou com o economista Bernard Appy, autor da reforma tribut\u00e1ria que tramita na C\u00e2mara, a Proposta de Emenda \u00e0 Constitui\u00e7\u00e3o (PEC) n\u00ba 45\/2019.<\/span><\/p>\n<p style=\"font-weight: 400\"><span style=\"font-weight: 400\">\u00a0<\/span><\/p>\n<p style=\"font-weight: 400\"><span style=\"font-weight: 400\">A proposta de unifica\u00e7\u00e3o de PIS-Cofins n\u00e3o \u00e9 nova, vem sendo aventada dentro da Receita h\u00e1 quatro anos, sem sucesso, lembrou Emerson Casali, coordenador da mobiliza\u00e7\u00e3o.\u00a0<\/span><span style=\"font-weight: 400\">\u201cOutros governos tentaram emplacar essa proposta e os setores de servi\u00e7os t\u00eam se manifestado contra, porque implica uma al\u00edquota maior. O segmento \u00e9 bastante fragmentado mas, nesse assunto, h\u00e1 uma uni\u00e3o muito forte contra o aumento da carga tribut\u00e1ria. S\u00e3o 20 milh\u00f5es de postos de trabalho que est\u00e3o em jogo\u201d, contestou Casali, diretor da CBPI Produtividade Institucional.<\/span><\/p>\n<p>&nbsp;<\/p>\n","protected":false},"excerpt":{"rendered":"<p>ROSANA HESSEL Seis confedera\u00e7\u00f5es e 64 entidades empresariais e de profissionais de classe do setor de com\u00e9rcio e de servi\u00e7os se uniram contra a proposta de unifica\u00e7\u00e3o do Programa de Integra\u00e7\u00e3o Social (PIS) e da Contribui\u00e7\u00e3o para o Financiamento da Seguridade Social (Cofins), que est\u00e1 sendo cogitada pelo ministro da Economia, Paulo Guedes. As 70 [&hellip;]<\/p>\n","protected":false},"author":22,"featured_media":0,"comment_status":"open","ping_status":"closed","sticky":false,"template":"","format":"standard","meta":{"footnotes":""},"categories":[600],"tags":[3762,3221,1350],"class_list":["post-12397","post","type-post","status-publish","format-standard","hentry","category-economia","tag-movimento","tag-pis-cofins","tag-reforma-tributaria"],"_links":{"self":[{"href":"https:\/\/blogs.correiobraziliense.com.br\/vicente\/wp-json\/wp\/v2\/posts\/12397","targetHints":{"allow":["GET"]}}],"collection":[{"href":"https:\/\/blogs.correiobraziliense.com.br\/vicente\/wp-json\/wp\/v2\/posts"}],"about":[{"href":"https:\/\/blogs.correiobraziliense.com.br\/vicente\/wp-json\/wp\/v2\/types\/post"}],"author":[{"embeddable":true,"href":"https:\/\/blogs.correiobraziliense.com.br\/vicente\/wp-json\/wp\/v2\/users\/22"}],"replies":[{"embeddable":true,"href":"https:\/\/blogs.correiobraziliense.com.br\/vicente\/wp-json\/wp\/v2\/comments?post=12397"}],"version-history":[{"count":4,"href":"https:\/\/blogs.correiobraziliense.com.br\/vicente\/wp-json\/wp\/v2\/posts\/12397\/revisions"}],"predecessor-version":[{"id":12401,"href":"https:\/\/blogs.correiobraziliense.com.br\/vicente\/wp-json\/wp\/v2\/posts\/12397\/revisions\/12401"}],"wp:attachment":[{"href":"https:\/\/blogs.correiobraziliense.com.br\/vicente\/wp-json\/wp\/v2\/media?parent=12397"}],"wp:term":[{"taxonomy":"category","embeddable":true,"href":"https:\/\/blogs.correiobraziliense.com.br\/vicente\/wp-json\/wp\/v2\/categories?post=12397"},{"taxonomy":"post_tag","embeddable":true,"href":"https:\/\/blogs.correiobraziliense.com.br\/vicente\/wp-json\/wp\/v2\/tags?post=12397"}],"curies":[{"name":"wp","href":"https:\/\/api.w.org\/{rel}","templated":true}]}}