{"id":12394,"date":"2019-12-05T00:23:32","date_gmt":"2019-12-05T03:23:32","guid":{"rendered":"https:\/\/blogs.correiobraziliense.com.br\/vicente\/?p=12394"},"modified":"2019-12-05T00:23:32","modified_gmt":"2019-12-05T03:23:32","slug":"senadores-trabalham-para-elevar-em-ate-r-12-bilhoes-recursos-a-receber-do-governo","status":"publish","type":"post","link":"https:\/\/blogs.correiobraziliense.com.br\/vicente\/senadores-trabalham-para-elevar-em-ate-r-12-bilhoes-recursos-a-receber-do-governo\/","title":{"rendered":"Senadores trabalham para elevar em at\u00e9 R$ 12 bilh\u00f5es recursos a receber do governo"},"content":{"rendered":"<p>RODOLFO COSTA<\/p>\n<p>&nbsp;<\/p>\n<p>Os deputados n\u00e3o ser\u00e3o os \u00fanicos a receberem verbas <a href=\"https:\/\/blogs.correiobraziliense.com.br\/vicente\/maia-articula-com-casa-civil-cronograma-para-pagamento-de-verbas-prometidas-pelo-governo\/\">que ser\u00e3o destinadas \u00e0s suas bases eleitorais.<\/a>\u00a0Os senadores, com quem o governo tem um d\u00e9bito maior, tamb\u00e9m ser\u00e3o inclu\u00eddos no cronograma. E receber\u00e3o mais do que os R$ 3 bilh\u00f5es em agendamento aos parlamentares da C\u00e2mara. O governo mandou o Projeto de Lei do Congresso Nacional (PLN) 48\/2019, que abre cr\u00e9dito suplementar no valor de R$ 3,82 bilh\u00f5es, mas esse valor pode quase triplicar.<\/p>\n<p>&nbsp;<\/p>\n<p>Os senadores buscam acordo para ampliar o valor para R$ 10 bilh\u00f5es. As informa\u00e7\u00f5es que circulam entre l\u00edderes na pr\u00f3pria C\u00e2mara apontam, ainda, que poderia chegar a R$ 12 bilh\u00f5es, embora achem uma quantia impag\u00e1vel. A ideia \u00e9 propor altera\u00e7\u00f5es ao PLN 48, remanejando mais recursos do Or\u00e7amento da Uni\u00e3o para quitar os d\u00e9bitos com os parlamentares.<\/p>\n","protected":false},"excerpt":{"rendered":"<p>RODOLFO COSTA &nbsp; Os deputados n\u00e3o ser\u00e3o os \u00fanicos a receberem verbas que ser\u00e3o destinadas \u00e0s suas bases eleitorais.\u00a0Os senadores, com quem o governo tem um d\u00e9bito maior, tamb\u00e9m ser\u00e3o inclu\u00eddos no cronograma. E receber\u00e3o mais do que os R$ 3 bilh\u00f5es em agendamento aos parlamentares da C\u00e2mara. O governo mandou o Projeto de Lei [&hellip;]<\/p>\n","protected":false},"author":22,"featured_media":0,"comment_status":"open","ping_status":"closed","sticky":false,"template":"","format":"standard","meta":{"footnotes":""},"categories":[600],"tags":[1223,2522,586],"class_list":["post-12394","post","type-post","status-publish","format-standard","hentry","category-economia","tag-emendas","tag-parlamentares","tag-senado"],"_links":{"self":[{"href":"https:\/\/blogs.correiobraziliense.com.br\/vicente\/wp-json\/wp\/v2\/posts\/12394","targetHints":{"allow":["GET"]}}],"collection":[{"href":"https:\/\/blogs.correiobraziliense.com.br\/vicente\/wp-json\/wp\/v2\/posts"}],"about":[{"href":"https:\/\/blogs.correiobraziliense.com.br\/vicente\/wp-json\/wp\/v2\/types\/post"}],"author":[{"embeddable":true,"href":"https:\/\/blogs.correiobraziliense.com.br\/vicente\/wp-json\/wp\/v2\/users\/22"}],"replies":[{"embeddable":true,"href":"https:\/\/blogs.correiobraziliense.com.br\/vicente\/wp-json\/wp\/v2\/comments?post=12394"}],"version-history":[{"count":1,"href":"https:\/\/blogs.correiobraziliense.com.br\/vicente\/wp-json\/wp\/v2\/posts\/12394\/revisions"}],"predecessor-version":[{"id":12395,"href":"https:\/\/blogs.correiobraziliense.com.br\/vicente\/wp-json\/wp\/v2\/posts\/12394\/revisions\/12395"}],"wp:attachment":[{"href":"https:\/\/blogs.correiobraziliense.com.br\/vicente\/wp-json\/wp\/v2\/media?parent=12394"}],"wp:term":[{"taxonomy":"category","embeddable":true,"href":"https:\/\/blogs.correiobraziliense.com.br\/vicente\/wp-json\/wp\/v2\/categories?post=12394"},{"taxonomy":"post_tag","embeddable":true,"href":"https:\/\/blogs.correiobraziliense.com.br\/vicente\/wp-json\/wp\/v2\/tags?post=12394"}],"curies":[{"name":"wp","href":"https:\/\/api.w.org\/{rel}","templated":true}]}}