{"id":12381,"date":"2019-12-04T18:58:56","date_gmt":"2019-12-04T21:58:56","guid":{"rendered":"https:\/\/blogs.correiobraziliense.com.br\/vicente\/?p=12381"},"modified":"2019-12-04T19:29:29","modified_gmt":"2019-12-04T22:29:29","slug":"paulo-guedes-e-salim-mattar-os-mentores-da-privatizacao-do-banco-do-brasil","status":"publish","type":"post","link":"https:\/\/blogs.correiobraziliense.com.br\/vicente\/paulo-guedes-e-salim-mattar-os-mentores-da-privatizacao-do-banco-do-brasil\/","title":{"rendered":"Paulo Guedes e Salim Mattar, os mentores da privatiza\u00e7\u00e3o do Banco do Brasil"},"content":{"rendered":"<h2>Todos sabem que Rubem Novaes foi colocado na presid\u00eancia do Banco do Brasil para tocar a privatiza\u00e7\u00e3o da institui\u00e7\u00e3o. Mas todo o processo de venda do BB est\u00e1 sendo comandado pelo ministro da Economia, Paulo Guedes, e pelo Secret\u00e1rio de Desestatiza\u00e7\u00e3o, Salim Mattar. Eles est\u00e3o obcecados em privatizar o Banco do Brasil.<\/h2>\n<p>&nbsp;<\/p>\n<p>A disposi\u00e7\u00e3o em vender o BB \u00e9 t\u00e3o grande, que v\u00e1rios estudos est\u00e3o prontos, mostrando o potencial de arrecada\u00e7\u00e3o pelo governo. Esses estudos j\u00e1 circularam em reuni\u00f5es dentro do Minist\u00e9rio da Economia, que, agora, diante da rea\u00e7\u00e3o contr\u00e1ria do presidente Jair Bolsonaro, afirma que a privatiza\u00e7\u00e3o do Banco do Brasil n\u00e3o est\u00e1 no radar.<\/p>\n<p>&nbsp;<\/p>\n<p>A orienta\u00e7\u00e3o dentro da equipe econ\u00f4mica \u00e9 de, por enquanto, baixar a guarda sobre esse tema, sobretudo porque j\u00e1 houve uma cobran\u00e7a formal do presidente Jair Bolsonaro em rela\u00e7\u00e3o ao que est\u00e1 sendo discutido. O presidente considera o tema espinhoso demais neste momento. Ele n\u00e3o quer comprar briga com o funcionalismo.<\/p>\n<p>&nbsp;<\/p>\n<p><strong>Afronta<\/strong><\/p>\n<p>&nbsp;<\/p>\n<p>Guedes e Mattar, no entanto, continuar\u00e3o gestando a venda do BB, sem grande alarde. Uma hora, acreditam, o governo inteiro embarca na privatiza\u00e7\u00e3o do Banco do Brasil, que tamb\u00e9m \u00e9 repudiada entre os militares. Eles veem a tentativa de vender a institui\u00e7\u00e3o como uma afronta.<\/p>\n<p>&nbsp;<\/p>\n<p>Entre os funcion\u00e1rios mais aguerridos do BB, a disposi\u00e7\u00e3o \u00e9 melar qualquer movimento no sentido de transferir o controle da institui\u00e7\u00e3o para o setor privado. Como sabem que o presidente da Rep\u00fablica n\u00e3o quer que o assunto fique na m\u00eddia, prometem tornar p\u00fablicos todos os atos que possam facilitar a venda do BB.<\/p>\n<p>&nbsp;<\/p>\n<p>Portanto, o que se v\u00ea \u00e9 que a guerra em torno da poss\u00edvel privatiza\u00e7\u00e3o do Banco do Brasil vai crescer. Resta saber se o trio \u2014 Paulo Guedes, Salim Mattar e Rubem Novaes \u2014 seguir\u00e1 a determina\u00e7\u00e3o do chefe, que exigiu um recuo, ou v\u00e3o se fazer de mortos para, quando se sentiram confort\u00e1veis, darem a cartada final? \u00c9 esperar para ver.<\/p>\n<p>&nbsp;<\/p>\n<p><em>Bras\u00edlia, 18h58min<\/em><\/p>\n","protected":false},"excerpt":{"rendered":"<p>Todos sabem que Rubem Novaes foi colocado na presid\u00eancia do Banco do Brasil para tocar a privatiza\u00e7\u00e3o da institui\u00e7\u00e3o. Mas todo o processo de venda do BB est\u00e1 sendo comandado pelo ministro da Economia, Paulo Guedes, e pelo Secret\u00e1rio de Desestatiza\u00e7\u00e3o, Salim Mattar. Eles est\u00e3o obcecados em privatizar o Banco do Brasil. &nbsp; A disposi\u00e7\u00e3o [&hellip;]<\/p>\n","protected":false},"author":22,"featured_media":11451,"comment_status":"open","ping_status":"closed","sticky":false,"template":"","format":"standard","meta":{"footnotes":""},"categories":[600],"tags":[229,2922,4279,3613,540,3978],"class_list":["post-12381","post","type-post","status-publish","format-standard","has-post-thumbnail","hentry","category-economia","tag-banco-do-brasil","tag-jair-bolsonaro","tag-mentores","tag-paulo-guedes","tag-privatizacao","tag-salim-mattar"],"_links":{"self":[{"href":"https:\/\/blogs.correiobraziliense.com.br\/vicente\/wp-json\/wp\/v2\/posts\/12381","targetHints":{"allow":["GET"]}}],"collection":[{"href":"https:\/\/blogs.correiobraziliense.com.br\/vicente\/wp-json\/wp\/v2\/posts"}],"about":[{"href":"https:\/\/blogs.correiobraziliense.com.br\/vicente\/wp-json\/wp\/v2\/types\/post"}],"author":[{"embeddable":true,"href":"https:\/\/blogs.correiobraziliense.com.br\/vicente\/wp-json\/wp\/v2\/users\/22"}],"replies":[{"embeddable":true,"href":"https:\/\/blogs.correiobraziliense.com.br\/vicente\/wp-json\/wp\/v2\/comments?post=12381"}],"version-history":[{"count":1,"href":"https:\/\/blogs.correiobraziliense.com.br\/vicente\/wp-json\/wp\/v2\/posts\/12381\/revisions"}],"predecessor-version":[{"id":12383,"href":"https:\/\/blogs.correiobraziliense.com.br\/vicente\/wp-json\/wp\/v2\/posts\/12381\/revisions\/12383"}],"wp:featuredmedia":[{"embeddable":true,"href":"https:\/\/blogs.correiobraziliense.com.br\/vicente\/wp-json\/wp\/v2\/media\/11451"}],"wp:attachment":[{"href":"https:\/\/blogs.correiobraziliense.com.br\/vicente\/wp-json\/wp\/v2\/media?parent=12381"}],"wp:term":[{"taxonomy":"category","embeddable":true,"href":"https:\/\/blogs.correiobraziliense.com.br\/vicente\/wp-json\/wp\/v2\/categories?post=12381"},{"taxonomy":"post_tag","embeddable":true,"href":"https:\/\/blogs.correiobraziliense.com.br\/vicente\/wp-json\/wp\/v2\/tags?post=12381"}],"curies":[{"name":"wp","href":"https:\/\/api.w.org\/{rel}","templated":true}]}}