{"id":12378,"date":"2019-12-04T18:10:02","date_gmt":"2019-12-04T21:10:02","guid":{"rendered":"https:\/\/blogs.correiobraziliense.com.br\/vicente\/?p=12378"},"modified":"2019-12-04T18:57:21","modified_gmt":"2019-12-04T21:57:21","slug":"governo-se-pergunta-quando-estrangeiros-darao-voto-de-confianca-ao-brasil","status":"publish","type":"post","link":"https:\/\/blogs.correiobraziliense.com.br\/vicente\/governo-se-pergunta-quando-estrangeiros-darao-voto-de-confianca-ao-brasil\/","title":{"rendered":"Governo se pergunta quando estrangeiros dar\u00e3o voto de confian\u00e7a ao Brasil"},"content":{"rendered":"<h2>Mesmo com todas as den\u00fancias feitas pela deputada Joice Hasselmann, de que h\u00e1 um gabinete instalado no Pal\u00e1cio do Planalto para disseminar not\u00edcias falsas, o presidente Jair Bolsonaro n\u00e3o escondeu a satisfa\u00e7\u00e3o com o novo recorde registrado nesta quarta-feira (04\/12) pela Bolsa de Valores de S\u00e3o Paulo (B3). Um gola\u00e7o, como descreveu um auxiliar do presidente.<\/h2>\n<p>&nbsp;<\/p>\n<p>A Bolsa cravou os 110.301 pontos, com alta no dia de 1,23%, indicando, na avalia\u00e7\u00e3o do Planalto, que h\u00e1 uma disposi\u00e7\u00e3o grande do mercado em apoiar o governo. Mas h\u00e1 uma ressalva entre os auxiliares de Bolsonaro. Eles se perguntam quando os investidores estrangeiros dar\u00e3o um voto de confian\u00e7a ao Brasil.<\/p>\n<p>&nbsp;<\/p>\n<p>Para o Planalto, n\u00e3o \u00e9 justific\u00e1vel tanta sa\u00edda de recursos do pa\u00eds. Somente na Bolsa, as retiradas de estrangeiros neste ano chegaram a R$ 38,7 bilh\u00f5es, um recorde. Nem mesmo durante a crise mundial de 2008 e 2009 se viu tamanha fuga de recursos. H\u00e1 um inc\u00f4modo do capital externo em rela\u00e7\u00e3o ao Brasil, que, por sinal, n\u00e3o participou do maior leil\u00e3o de petr\u00f3leo do mundo.<\/p>\n<p>&nbsp;<\/p>\n<p>T\u00e9cnicos do governo tentam minimizar a fuga de recursos da Bolsa. Dizem que esse movimento se repete em todos os pa\u00edses emergentes, que j\u00e1 n\u00e3o est\u00e3o mais t\u00e3o atraentes aos olhos do capital estrangeiro. Eles reconhecem, contudo, que a imagem do Brasil l\u00e1 fora \u00e9 p\u00e9ssima. Talvez a pior em pelo menos tr\u00eas d\u00e9cadas.<\/p>\n<p>&nbsp;<\/p>\n<p><strong>Contabilidade criativa<\/strong><\/p>\n<p>&nbsp;<\/p>\n<p>Dois t\u00e9cnicos do governo dizem ao <strong>Blog<\/strong> que voltaram &#8220;estarrecidos&#8221; de suas viagens ao exterior. Mesmo estando a trabalho, representando o pa\u00eds, ouviram relatos p\u00e9ssimos sobre o Brasil. V\u00e1rios dos interlocutores diziam n\u00e3o entender como o Brasil chegou a um extremo t\u00e3o preocupante, representado pelo governo Bolsonaro.<\/p>\n<p>&nbsp;<\/p>\n<p>&#8220;Foi terr\u00edvel. Tive que dar muitas explica\u00e7\u00f5es, pedindo para as pessoas separarem a economia das posi\u00e7\u00f5es ideol\u00f3gicas do governo. Mas n\u00e3o foi poss\u00edvel&#8221;, relata um dos t\u00e9cnicos. &#8220;A percep\u00e7\u00e3o \u00e9 de que o Brasil est\u00e1 caminhando para o fascismo, totalmente despreocupado com os direitos humanos e o meio ambiente. Isso \u00e9 horr\u00edvel&#8221;, acrescenta o segundo t\u00e9cnico.<\/p>\n<p>&nbsp;<\/p>\n<p>N\u00e3o bastasse a imagem j\u00e1 p\u00e9ssima, os investidores estrangeiros foram sacudidos pelas not\u00edcias publicadas no <em>Financial Times<\/em>, b\u00edblia do mercado financeiro, de que o governo brasileiro est\u00e1 manipulando dados econ\u00f4micos, recorrendo \u00e0 contabilidade criativa. Do nada, apareceram bilh\u00f5es de d\u00f3lares em exporta\u00e7\u00f5es, melhorando o saldo da balan\u00e7a comercial.<\/p>\n<p>&nbsp;<\/p>\n<p>Esse tipo de coisa, admitem os t\u00e9cnicos, s\u00f3 pioram a imagem do Brasil no mercado internacional. &#8220;Certamente, o governo ter\u00e1 que arrumar justificativas muito consistentes para explicar o que, aos olhos dos investidores, est\u00e1 parecendo inexplic\u00e1vel&#8221;, afirma um importante funcion\u00e1rio da Esplanada dos Minist\u00e9rios.<\/p>\n<p>&nbsp;<\/p>\n<p><em>Bras\u00edlia, 18h10min<\/em><\/p>\n","protected":false},"excerpt":{"rendered":"<p>Mesmo com todas as den\u00fancias feitas pela deputada Joice Hasselmann, de que h\u00e1 um gabinete instalado no Pal\u00e1cio do Planalto para disseminar not\u00edcias falsas, o presidente Jair Bolsonaro n\u00e3o escondeu a satisfa\u00e7\u00e3o com o novo recorde registrado nesta quarta-feira (04\/12) pela Bolsa de Valores de S\u00e3o Paulo (B3). Um gola\u00e7o, como descreveu um auxiliar do [&hellip;]<\/p>\n","protected":false},"author":22,"featured_media":10314,"comment_status":"open","ping_status":"closed","sticky":false,"template":"","format":"standard","meta":{"footnotes":""},"categories":[600],"tags":[4278,2554,4277,3873,181],"class_list":["post-12378","post","type-post","status-publish","format-standard","has-post-thumbnail","hentry","category-economia","tag-110-mil-pontos","tag-bolsonaro","tag-bosa","tag-joice-hasselmann","tag-recorde"],"_links":{"self":[{"href":"https:\/\/blogs.correiobraziliense.com.br\/vicente\/wp-json\/wp\/v2\/posts\/12378","targetHints":{"allow":["GET"]}}],"collection":[{"href":"https:\/\/blogs.correiobraziliense.com.br\/vicente\/wp-json\/wp\/v2\/posts"}],"about":[{"href":"https:\/\/blogs.correiobraziliense.com.br\/vicente\/wp-json\/wp\/v2\/types\/post"}],"author":[{"embeddable":true,"href":"https:\/\/blogs.correiobraziliense.com.br\/vicente\/wp-json\/wp\/v2\/users\/22"}],"replies":[{"embeddable":true,"href":"https:\/\/blogs.correiobraziliense.com.br\/vicente\/wp-json\/wp\/v2\/comments?post=12378"}],"version-history":[{"count":2,"href":"https:\/\/blogs.correiobraziliense.com.br\/vicente\/wp-json\/wp\/v2\/posts\/12378\/revisions"}],"predecessor-version":[{"id":12380,"href":"https:\/\/blogs.correiobraziliense.com.br\/vicente\/wp-json\/wp\/v2\/posts\/12378\/revisions\/12380"}],"wp:featuredmedia":[{"embeddable":true,"href":"https:\/\/blogs.correiobraziliense.com.br\/vicente\/wp-json\/wp\/v2\/media\/10314"}],"wp:attachment":[{"href":"https:\/\/blogs.correiobraziliense.com.br\/vicente\/wp-json\/wp\/v2\/media?parent=12378"}],"wp:term":[{"taxonomy":"category","embeddable":true,"href":"https:\/\/blogs.correiobraziliense.com.br\/vicente\/wp-json\/wp\/v2\/categories?post=12378"},{"taxonomy":"post_tag","embeddable":true,"href":"https:\/\/blogs.correiobraziliense.com.br\/vicente\/wp-json\/wp\/v2\/tags?post=12378"}],"curies":[{"name":"wp","href":"https:\/\/api.w.org\/{rel}","templated":true}]}}