{"id":12372,"date":"2019-12-04T15:41:11","date_gmt":"2019-12-04T18:41:11","guid":{"rendered":"https:\/\/blogs.correiobraziliense.com.br\/vicente\/?p=12372"},"modified":"2019-12-04T16:25:32","modified_gmt":"2019-12-04T19:25:32","slug":"governo-bolsonaro-consulta-autoridades-do-chile-sobre-protestos-nas-ruas","status":"publish","type":"post","link":"https:\/\/blogs.correiobraziliense.com.br\/vicente\/governo-bolsonaro-consulta-autoridades-do-chile-sobre-protestos-nas-ruas\/","title":{"rendered":"Governo Bolsonaro consulta autoridades do Chile sobre protestos nas ruas"},"content":{"rendered":"<h2>Sem alarde, a \u00e1rea diplom\u00e1tica do Brasil vem fazendo constantes consultas a autoridades do Chile para tentar entender as raz\u00f5es de tantas pessoas estarem protestando nas ruas daquele pa\u00eds. O Chile \u00e9 visto como sucesso de modelo econ\u00f4mico pelo ministro da Economia, Paulo Guedes.<\/h2>\n<p>&nbsp;<\/p>\n<p>Nas conversas com autoridades chilenas, diplomatas brasileiros dizem que consideram dif\u00edcil ver, nas ruas do Brasil, protestos t\u00e3o violentos quanto os observados nas \u00faltimas semanas no Chile. Mas n\u00e3o escondem o temor de algo estar sendo gestado sem que o governo brasileiro tenha conhecimento. N\u00e3o por acaso, o sistema de intelig\u00eancia do Pal\u00e1cio do Planalto foi acionado.<\/p>\n<p>&nbsp;<\/p>\n<p>Os relatos das autoridades chilenas s\u00e3o contundentes. Dizem que o modelo liberal adotado naquele pa\u00eds se esqueceu dos pobres. Num primeiro momento, ressaltam, o programa econ\u00f4mico chileno melhorou a vida de muita gente. Mas n\u00e3o houve as etapas seguintes. Ou seja, as conquistas ficaram pela metade. E est\u00e3o sendo cobradas agora.<\/p>\n<p>&nbsp;<\/p>\n<p>Segundo relatos dos chilenos, o modelo previdenci\u00e1rio de capitaliza\u00e7\u00e3o \u2014 semelhante ao proposto pelo ministro Paulo Guedes, mas vetado pelo Congresso \u2014 resultou em aposentadorias &#8220;extraordinariamente baixas&#8221;, punindo muita gente da classe m\u00e9dia. As contribui\u00e7\u00f5es eram de apenas 10% dos sal\u00e1rios, insuficientes para uma poupan\u00e7a futura capaz de garantir bem-estar.<\/p>\n<p>&nbsp;<\/p>\n<p>Esse mesmo sistema previdenci\u00e1rio esqueceu de considerar as dificuldades de contribui\u00e7\u00e3o por parte de trabalhadores que ficaram desempregados. Esses buracos nas contribui\u00e7\u00f5es resultaram em aposentadorias que sequer cobrem as compras do m\u00eas nos supermercados.<\/p>\n<p>&nbsp;<\/p>\n<p><strong>Medo de golpe<\/strong><\/p>\n<p>&nbsp;<\/p>\n<p>Os pre\u00e7os dos medicamentos tamb\u00e9m dispararam \u2014 os rem\u00e9dios por l\u00e1 s\u00e3o os mais caros da Am\u00e9rica Latina. Mais: pessoas que, 20 anos atr\u00e1s, aplaudiram o socialista Ricardo Lagos, ex-presidente, em entregas de moradias populares \u2014, agora reclamam que o governo n\u00e3o pensou em construir garagens para que, um dia, pudessem ter um carro.<\/p>\n<p>&nbsp;<\/p>\n<p>Apesar de todas as evidentes quest\u00f5es econ\u00f4micas e sociais, as autoridades chilenas reconhecem que o movimento que se v\u00ea nas ruas do pa\u00eds \u00e9 difuso, sem lideran\u00e7as claras. Ressaltam tamb\u00e9m o grande perigo representado pela viol\u00eancia das manifesta\u00e7\u00f5es, sobretudo para a democracia. N\u00e3o por acaso, governo e oposi\u00e7\u00e3o se uniram em busca de uma solu\u00e7\u00e3o r\u00e1pida para a crise.<\/p>\n<p>&nbsp;<\/p>\n<p>H\u00e1 o temor claro, j\u00e1 expressado pelo presidente chileno, Sebastian Pi\u00f1era, de que as manifesta\u00e7\u00f5es acabem incitando movimentos anti-democr\u00e1ticos, liderados pelos militares, que, por enquanto, d\u00e3o sinais de tranquilidade. O maior medo \u00e9 de que, em meio ao caos, o Chile seja v\u00edtima de um novo golpe militar. A ditadura chilena foi a mais violenta da Am\u00e9rica Latina.<\/p>\n<p>&nbsp;<\/p>\n<p><em>Bras\u00edlia, 15h41min<\/em><\/p>\n","protected":false},"excerpt":{"rendered":"<p>Sem alarde, a \u00e1rea diplom\u00e1tica do Brasil vem fazendo constantes consultas a autoridades do Chile para tentar entender as raz\u00f5es de tantas pessoas estarem protestando nas ruas daquele pa\u00eds. O Chile \u00e9 visto como sucesso de modelo econ\u00f4mico pelo ministro da Economia, Paulo Guedes. &nbsp; Nas conversas com autoridades chilenas, diplomatas brasileiros dizem que consideram [&hellip;]<\/p>\n","protected":false},"author":22,"featured_media":12374,"comment_status":"open","ping_status":"closed","sticky":false,"template":"","format":"standard","meta":{"footnotes":""},"categories":[600],"tags":[3315,2554,729,370,3613],"class_list":["post-12372","post","type-post","status-publish","format-standard","has-post-thumbnail","hentry","category-economia","tag-aposentadorias","tag-bolsonaro","tag-chile","tag-manifestacoes","tag-paulo-guedes"],"_links":{"self":[{"href":"https:\/\/blogs.correiobraziliense.com.br\/vicente\/wp-json\/wp\/v2\/posts\/12372","targetHints":{"allow":["GET"]}}],"collection":[{"href":"https:\/\/blogs.correiobraziliense.com.br\/vicente\/wp-json\/wp\/v2\/posts"}],"about":[{"href":"https:\/\/blogs.correiobraziliense.com.br\/vicente\/wp-json\/wp\/v2\/types\/post"}],"author":[{"embeddable":true,"href":"https:\/\/blogs.correiobraziliense.com.br\/vicente\/wp-json\/wp\/v2\/users\/22"}],"replies":[{"embeddable":true,"href":"https:\/\/blogs.correiobraziliense.com.br\/vicente\/wp-json\/wp\/v2\/comments?post=12372"}],"version-history":[{"count":1,"href":"https:\/\/blogs.correiobraziliense.com.br\/vicente\/wp-json\/wp\/v2\/posts\/12372\/revisions"}],"predecessor-version":[{"id":12375,"href":"https:\/\/blogs.correiobraziliense.com.br\/vicente\/wp-json\/wp\/v2\/posts\/12372\/revisions\/12375"}],"wp:featuredmedia":[{"embeddable":true,"href":"https:\/\/blogs.correiobraziliense.com.br\/vicente\/wp-json\/wp\/v2\/media\/12374"}],"wp:attachment":[{"href":"https:\/\/blogs.correiobraziliense.com.br\/vicente\/wp-json\/wp\/v2\/media?parent=12372"}],"wp:term":[{"taxonomy":"category","embeddable":true,"href":"https:\/\/blogs.correiobraziliense.com.br\/vicente\/wp-json\/wp\/v2\/categories?post=12372"},{"taxonomy":"post_tag","embeddable":true,"href":"https:\/\/blogs.correiobraziliense.com.br\/vicente\/wp-json\/wp\/v2\/tags?post=12372"}],"curies":[{"name":"wp","href":"https:\/\/api.w.org\/{rel}","templated":true}]}}