{"id":12371,"date":"2019-12-04T15:59:06","date_gmt":"2019-12-04T18:59:06","guid":{"rendered":"https:\/\/blogs.correiobraziliense.com.br\/vicente\/?p=12371"},"modified":"2019-12-04T17:02:19","modified_gmt":"2019-12-04T20:02:19","slug":"bc-registra-fuga-de-us-272-bilhoes-do-pais-no-acumulado-do-ano","status":"publish","type":"post","link":"https:\/\/blogs.correiobraziliense.com.br\/vicente\/bc-registra-fuga-de-us-272-bilhoes-do-pais-no-acumulado-do-ano\/","title":{"rendered":"BC registra fuga de US$ 27,2 bilh\u00f5es do pa\u00eds no acumulado do ano"},"content":{"rendered":"<h2><span style=\"font-weight: 400\">ROSANA HESSEL<\/span><\/h2>\n<h2><\/h2>\n<h2><span style=\"font-weight: 400\">O Banco Central registrou fuga de US$ 27,2 bilh\u00f5es do pa\u00eds no acumulado do ano, at\u00e9 29 de novembro, conforme relat\u00f3rio de fluxo divulgado nesta quarta-feira (04\/12).\u00a0<\/span><span style=\"font-weight: 400\">Em novembro, o saldo do movimento dos contratos de c\u00e2mbio ficou negativo em US$ 5,7 bilh\u00f5es, montante 32,9% inferior ao registrado no m\u00eas de outubro, quando foram registradas a sa\u00edda de US$ 8,5 bilh\u00f5es. O maior volume foi registrado nos tr\u00eas \u00faltimos dias do levantamento, de US$ 3,5 bilh\u00f5es. <\/span><\/h2>\n<p>&nbsp;<\/p>\n<p><span style=\"font-weight: 400\">No canal financeiro, as sa\u00eddas l\u00edquidas totalizaram US$ 42,3 bilh\u00f5es, desde janeiro at\u00e9 o \u00faltimo dia \u00fatil de novembro, registrando alta de 24% sobre o saldo negativo de US$ 34,1 bilh\u00f5es computados no mesmo per\u00edodo de 2018.\u00a0<\/span><\/p>\n<p>&nbsp;<\/p>\n<p><span style=\"font-weight: 400\">Enquanto isso, no com\u00e9rcio exterior, o saldo comercial ficou positivo em US$ 15,2 bilh\u00f5es, pelas contas do BC no acumulado do ano. Essa diferen\u00e7a entre exporta\u00e7\u00f5es e importa\u00e7\u00f5es ficou 66,8% abaixo dos US$ 45,8 bilh\u00f5es registrados no ano passado.<\/span><\/p>\n<p>&nbsp;<\/p>\n<p><span style=\"font-weight: 400\">O estoque de reservas internacionais encerrou novembro em US$ 366,4 bilh\u00f5es, conforme dados do BC. Esse montante ficou US$ 3,4 bilh\u00f5es abaixo dos US$ 369,8 bilh\u00f5es computados no fim de outubro.<\/span><\/p>\n<p>&nbsp;<\/p>\n<p><b>\u201cErro t\u00e9cnico\u201d<\/b><\/p>\n<p>&nbsp;<\/p>\n<p><span style=\"font-weight: 400\">Apesar de o Minist\u00e9rio da Economia corrigir os n\u00fameros da balan\u00e7a comercial devido a um \u201cerro t\u00e9cnico\u201d at\u00edpico, os dados BC do fluxo cambial foram mantidos. De acordo com a assessoria da autoridade monet\u00e1ria, a natureza das opera\u00e7\u00f5es s\u00e3o distintas e, portanto, n\u00e3o h\u00e1 necessidade de mudan\u00e7as. Na semana passada, um dos motivos da forte desvaloriza\u00e7\u00e3o do real e fez o d\u00f3lar bater v\u00e1rios picos foram justamente os dados do fluxo cambial e do balan\u00e7o de pagamentos, que apresentaram piora em outubro e no in\u00edcio de novembro.<\/span><\/p>\n<p>&nbsp;<\/p>\n<p><span style=\"font-weight: 400\">A Secretaria de Com\u00e9rcio Exterior (Secex), do Minist\u00e9rio da Economia, divulgou os novos dados da balan\u00e7a de novembro na \u00faltima segunda-feira (2\/11). Com a corre\u00e7\u00e3o, elevou o volume de exporta\u00e7\u00f5es entre novembro e setembro em US$ 6,5 bilh\u00f5es, o que melhorou o saldo comercial de novembro, que caminhava para um deficit. Essa mudan\u00e7a, no entanto, deixa d\u00favidas no ar em rela\u00e7\u00e3o \u00e0 confiabilidade dos dados da pasta.\u00a0<\/span>Especialistas do mercado torcem para que esse tipo de erro n\u00e3o seja corriqueiro daqui para frente.\u00a0 Vale lembrar que, no governo da ex-presidente Dilma Rousseff, o in\u00edcio da quebra na confian\u00e7a ocorreu justamente por conta da contabilidade criativa nos dados fiscais que a equipe econ\u00f4mica divulgava.<\/p>\n<p>&nbsp;<\/p>\n<p>&#8220;<span style=\"font-weight: 400\">Houve uma falha no sistema e isso pode acontecer. Tem que aceitar como sendo fato. Mas n\u00e3o deveria acontecer e a descoberta deveria ter sido mais cedo e n\u00e3o no terceiro m\u00eas. Algo est\u00e1 incomodando e o que n\u00e3o se pode negar \u00e9 que a mudan\u00e7a acabou sendo a favor do governo. Esse tipo de erro n\u00e3o pode acontecer\u201d, comentou o presidente da Associa\u00e7\u00e3o de Com\u00e9rcio Exterior do Brasil (AEB), Jos\u00e9 Augusto de Castro.\u00a0\u00a0<\/span><span style=\"font-weight: 400\">\u201c<\/span><span style=\"font-weight: 400\">A corre\u00e7\u00e3o \u00e9 importante por alterar a percep\u00e7\u00e3o de velocidade da deteriora\u00e7\u00e3o das transa\u00e7\u00f5es correntes, que, apesar de ainda plenamente financi\u00e1vel pela entrada de investimento externo, mostrava uma din\u00e2mica preocupante. Com a revis\u00e3o, a press\u00e3o sobre o c\u00e2mbio acabou por se diluir\u201d, explicou Thais Zara, economista-chefe da Rosenberg Associados.<\/span><\/p>\n","protected":false},"excerpt":{"rendered":"<p>ROSANA HESSEL O Banco Central registrou fuga de US$ 27,2 bilh\u00f5es do pa\u00eds no acumulado do ano, at\u00e9 29 de novembro, conforme relat\u00f3rio de fluxo divulgado nesta quarta-feira (04\/12).\u00a0Em novembro, o saldo do movimento dos contratos de c\u00e2mbio ficou negativo em US$ 5,7 bilh\u00f5es, montante 32,9% inferior ao registrado no m\u00eas de outubro, quando foram [&hellip;]<\/p>\n","protected":false},"author":22,"featured_media":11588,"comment_status":"open","ping_status":"closed","sticky":false,"template":"","format":"standard","meta":{"footnotes":""},"categories":[600],"tags":[3,849,589,4276],"class_list":["post-12371","post","type-post","status-publish","format-standard","has-post-thumbnail","hentry","category-economia","tag-banco-central","tag-cambio","tag-economia","tag-fluxo"],"_links":{"self":[{"href":"https:\/\/blogs.correiobraziliense.com.br\/vicente\/wp-json\/wp\/v2\/posts\/12371","targetHints":{"allow":["GET"]}}],"collection":[{"href":"https:\/\/blogs.correiobraziliense.com.br\/vicente\/wp-json\/wp\/v2\/posts"}],"about":[{"href":"https:\/\/blogs.correiobraziliense.com.br\/vicente\/wp-json\/wp\/v2\/types\/post"}],"author":[{"embeddable":true,"href":"https:\/\/blogs.correiobraziliense.com.br\/vicente\/wp-json\/wp\/v2\/users\/22"}],"replies":[{"embeddable":true,"href":"https:\/\/blogs.correiobraziliense.com.br\/vicente\/wp-json\/wp\/v2\/comments?post=12371"}],"version-history":[{"count":3,"href":"https:\/\/blogs.correiobraziliense.com.br\/vicente\/wp-json\/wp\/v2\/posts\/12371\/revisions"}],"predecessor-version":[{"id":12377,"href":"https:\/\/blogs.correiobraziliense.com.br\/vicente\/wp-json\/wp\/v2\/posts\/12371\/revisions\/12377"}],"wp:featuredmedia":[{"embeddable":true,"href":"https:\/\/blogs.correiobraziliense.com.br\/vicente\/wp-json\/wp\/v2\/media\/11588"}],"wp:attachment":[{"href":"https:\/\/blogs.correiobraziliense.com.br\/vicente\/wp-json\/wp\/v2\/media?parent=12371"}],"wp:term":[{"taxonomy":"category","embeddable":true,"href":"https:\/\/blogs.correiobraziliense.com.br\/vicente\/wp-json\/wp\/v2\/categories?post=12371"},{"taxonomy":"post_tag","embeddable":true,"href":"https:\/\/blogs.correiobraziliense.com.br\/vicente\/wp-json\/wp\/v2\/tags?post=12371"}],"curies":[{"name":"wp","href":"https:\/\/api.w.org\/{rel}","templated":true}]}}