{"id":12367,"date":"2019-12-04T10:06:30","date_gmt":"2019-12-04T13:06:30","guid":{"rendered":"https:\/\/blogs.correiobraziliense.com.br\/vicente\/?p=12367"},"modified":"2019-12-04T11:36:10","modified_gmt":"2019-12-04T14:36:10","slug":"bolsonaro-tera-que-acertar-contas-com-rubem-novaes-o-homem-da-privatizacao-do-banco-do-brasil","status":"publish","type":"post","link":"https:\/\/blogs.correiobraziliense.com.br\/vicente\/bolsonaro-tera-que-acertar-contas-com-rubem-novaes-o-homem-da-privatizacao-do-banco-do-brasil\/","title":{"rendered":"Bolsonaro ter\u00e1 que acertar contas com Rubem Novaes, o homem da privatiza\u00e7\u00e3o do Banco do Brasil"},"content":{"rendered":"<h2>O presidente Jair Bolsonaro diz que, da sua parte, n\u00e3o h\u00e1 nenhuma inten\u00e7\u00e3o de privatizar o Banco do Brasil. Afirma ainda que, se esse assunto est\u00e1 sendo tratado por algu\u00e9m do terceiro escal\u00e3o do governo, n\u00e3o deve ser levado a s\u00e9rio. Bolsonaro ter\u00e1, ent\u00e3o, que acertar contas com o presidente do BB, Rubem Novaes. Ele \u00e9 o homem da privatiza\u00e7\u00e3o do Banco do Brasil<\/h2>\n<p>&nbsp;<\/p>\n<figure id=\"attachment_12200\" aria-describedby=\"caption-attachment-12200\" style=\"width: 298px\" class=\"wp-caption alignleft\"><a href=\"https:\/\/blogs.correiobraziliense.com.br\/vicente\/wp-content\/uploads\/sites\/16\/2019\/11\/RubemBB.jpg\"><img loading=\"lazy\" decoding=\"async\" class=\" wp-image-12200\" src=\"https:\/\/blogs.correiobraziliense.com.br\/vicente\/wp-content\/uploads\/sites\/16\/2019\/11\/RubemBB.jpg\" alt=\"\" width=\"298\" height=\"198\" srcset=\"https:\/\/blogs.correiobraziliense.com.br\/vicente\/wp-content\/uploads\/sites\/16\/2019\/11\/RubemBB.jpg 275w, https:\/\/blogs.correiobraziliense.com.br\/vicente\/wp-content\/uploads\/sites\/16\/2019\/11\/RubemBB-230x153.jpg 230w\" sizes=\"auto, (max-width: 298px) 100vw, 298px\" \/><\/a><figcaption id=\"caption-attachment-12200\" class=\"wp-caption-text\">Reprodu\u00e7\u00e3o\/ BB<\/figcaption><\/figure>\n<p>Desde que assumiu o comando do BB, Rubem Novaes foi orientado pelo ministro da Economia, Paulo Guedes, a trabalhar pela privatiza\u00e7\u00e3o da institui\u00e7\u00e3o. A convic\u00e7\u00e3o de Novaes em rela\u00e7\u00e3o a esse tema \u00e9 t\u00e3o firme, que, em evento recente no Rio de janeiro, ele afirmou que <a href=\"https:\/\/blogs.correiobraziliense.com.br\/vicente\/privatizacao-do-banco-do-brasil-sera-inevitavel-diz-presidente-da-instituicao\/\">&#8220;a privatiza\u00e7\u00e3o do Banco do Brasil ser\u00e1 inevit\u00e1vel&#8221;<\/a>.<\/p>\n<p>&nbsp;<\/p>\n<p>Quem trabalha no Banco do Brasil sabe o quanto a estrutura da institui\u00e7\u00e3o est\u00e1 voltada para preparar o processo de privatiza\u00e7\u00e3o. A meta \u00e9 vender o controle do BB at\u00e9 o fim de 2022. Tanto Guedes quanto Novaes est\u00e3o certos de que v\u00e3o convencer Bolsonaro de que esse \u00e9 o melhor caminho para o BB.<\/p>\n<p>&nbsp;<\/p>\n<p>Bolsonaro, que de bobo n\u00e3o tem nada, sabe o tamanho do desgaste quando se fala em privatiza\u00e7\u00e3o do BB. Por isso, politicamente, diz:\u00a0 &#8220;Da minha parte, n\u00e3o existe qualquer inten\u00e7\u00e3o de pensar em privatizar Banco do Brasil ou Caixa Econ\u00f4mica. Zero&#8221;. O ministro da Economia e o presidente do Banco do Brasil sabem que a privatiza\u00e7\u00e3o do BB \u00e9 quest\u00e3o de tempo.<\/p>\n<p>&nbsp;<\/p>\n<p><strong>Simpatia do BC<\/strong><\/p>\n<p>&nbsp;<\/p>\n<p>No que depender da equipe econ\u00f4mica, o <a href=\"https:\/\/blogs.correiobraziliense.com.br\/vicente\/bb-esta-sendo-preparado-para-ser-vendido-a-estrangeiros\/\">Banco do Brasil ser\u00e1 vendido a estrangeiros<\/a>. \u00c9 uma forma, segundo os t\u00e9cnicos, de aumentar a competi\u00e7\u00e3o no sistema financeiro. Hoje, o BB est\u00e1 muito alinhado aos grandes bancos, que pouco t\u00eam feito para reduzir o custo do cr\u00e9dito. A privatiza\u00e7\u00e3o do BB tem a simpatia do comando do Banco Central.<\/p>\n<p>&nbsp;<\/p>\n<p>Daqui por diante, muito se falar\u00e1 da privatiza\u00e7\u00e3o do Banco do Brasil, ainda que Bolsonaro negue a inten\u00e7\u00e3o de faz\u00ea-la em seu governo. H\u00e1 uma meta do Minist\u00e9rio da Economia com as privatiza\u00e7\u00f5es. Primeiro, Paulo Guedes falou em faturamento de at\u00e9 R$ 1 trilh\u00e3o. Agora, se contenta com algo em torno de R$ 300 bilh\u00f5es.<\/p>\n<p>&nbsp;<\/p>\n<p>\u00c9 consenso dentro do Banco do Brasil que, mesmo diante do discurso pol\u00edtico de Bolsonaro, o plano de privatiza\u00e7\u00e3o da institui\u00e7\u00e3o vai seguir. Mas o comando do BB sabe que a caminhada n\u00e3o ser\u00e1 t\u00e3o tranquila como havia sido planejado.<\/p>\n<p>&nbsp;<\/p>\n<p><em>Bras\u00edlia, 10h06min<\/em><\/p>\n","protected":false},"excerpt":{"rendered":"<p>O presidente Jair Bolsonaro diz que, da sua parte, n\u00e3o h\u00e1 nenhuma inten\u00e7\u00e3o de privatizar o Banco do Brasil. Afirma ainda que, se esse assunto est\u00e1 sendo tratado por algu\u00e9m do terceiro escal\u00e3o do governo, n\u00e3o deve ser levado a s\u00e9rio. Bolsonaro ter\u00e1, ent\u00e3o, que acertar contas com o presidente do BB, Rubem Novaes. Ele [&hellip;]<\/p>\n","protected":false},"author":22,"featured_media":11442,"comment_status":"open","ping_status":"closed","sticky":false,"template":"","format":"standard","meta":{"footnotes":""},"categories":[600],"tags":[229,2554,3613,540,4029],"class_list":["post-12367","post","type-post","status-publish","format-standard","has-post-thumbnail","hentry","category-economia","tag-banco-do-brasil","tag-bolsonaro","tag-paulo-guedes","tag-privatizacao","tag-rubem-novaes"],"_links":{"self":[{"href":"https:\/\/blogs.correiobraziliense.com.br\/vicente\/wp-json\/wp\/v2\/posts\/12367","targetHints":{"allow":["GET"]}}],"collection":[{"href":"https:\/\/blogs.correiobraziliense.com.br\/vicente\/wp-json\/wp\/v2\/posts"}],"about":[{"href":"https:\/\/blogs.correiobraziliense.com.br\/vicente\/wp-json\/wp\/v2\/types\/post"}],"author":[{"embeddable":true,"href":"https:\/\/blogs.correiobraziliense.com.br\/vicente\/wp-json\/wp\/v2\/users\/22"}],"replies":[{"embeddable":true,"href":"https:\/\/blogs.correiobraziliense.com.br\/vicente\/wp-json\/wp\/v2\/comments?post=12367"}],"version-history":[{"count":1,"href":"https:\/\/blogs.correiobraziliense.com.br\/vicente\/wp-json\/wp\/v2\/posts\/12367\/revisions"}],"predecessor-version":[{"id":12368,"href":"https:\/\/blogs.correiobraziliense.com.br\/vicente\/wp-json\/wp\/v2\/posts\/12367\/revisions\/12368"}],"wp:featuredmedia":[{"embeddable":true,"href":"https:\/\/blogs.correiobraziliense.com.br\/vicente\/wp-json\/wp\/v2\/media\/11442"}],"wp:attachment":[{"href":"https:\/\/blogs.correiobraziliense.com.br\/vicente\/wp-json\/wp\/v2\/media?parent=12367"}],"wp:term":[{"taxonomy":"category","embeddable":true,"href":"https:\/\/blogs.correiobraziliense.com.br\/vicente\/wp-json\/wp\/v2\/categories?post=12367"},{"taxonomy":"post_tag","embeddable":true,"href":"https:\/\/blogs.correiobraziliense.com.br\/vicente\/wp-json\/wp\/v2\/tags?post=12367"}],"curies":[{"name":"wp","href":"https:\/\/api.w.org\/{rel}","templated":true}]}}