{"id":12348,"date":"2019-11-29T12:21:46","date_gmt":"2019-11-29T15:21:46","guid":{"rendered":"https:\/\/blogs.correiobraziliense.com.br\/vicente\/?p=12348"},"modified":"2019-11-29T16:33:02","modified_gmt":"2019-11-29T19:33:02","slug":"a-irritacao-de-guedes-com-os-criticos-da-economia","status":"publish","type":"post","link":"https:\/\/blogs.correiobraziliense.com.br\/vicente\/a-irritacao-de-guedes-com-os-criticos-da-economia\/","title":{"rendered":"A irrita\u00e7\u00e3o de Guedes com os cr\u00edticos da economia"},"content":{"rendered":"<h2>AMAURI SEGALLA<\/h2>\n<h2><\/h2>\n<h2>Um gestor do mercado financeiro, interlocutor frequente do ministro da Economia, Paulo Guedes, diz que ele est\u00e1 irritado com as an\u00e1lises que n\u00e3o reconhecem os sinais positivos na economia.<\/h2>\n<p>&nbsp;<\/p>\n<p>&#8220;O d\u00f3lar n\u00e3o subiu porque a economia est\u00e1 ruim, como dizem&#8221;, afirma o gestor. &#8220;A leitura superficial dos fatos incomoda Paulo&#8221;, acrescenta.<\/p>\n<p>&nbsp;<\/p>\n<p>Quais seriam os motivos da alta da moeda norte-americana? &#8220;Os estrangeiros n\u00e3o querem saber da renda fixa brasileira, que ficou desinteressante com a queda da taxa Selic. Esse dinheiro foi embora&#8221;, destaca o executivo.<\/p>\n<p>&nbsp;<\/p>\n<p><em>Bras\u00edlia, 12h21min<\/em><\/p>\n","protected":false},"excerpt":{"rendered":"<p>AMAURI SEGALLA Um gestor do mercado financeiro, interlocutor frequente do ministro da Economia, Paulo Guedes, diz que ele est\u00e1 irritado com as an\u00e1lises que n\u00e3o reconhecem os sinais positivos na economia. &nbsp; &#8220;O d\u00f3lar n\u00e3o subiu porque a economia est\u00e1 ruim, como dizem&#8221;, afirma o gestor. &#8220;A leitura superficial dos fatos incomoda Paulo&#8221;, acrescenta. &nbsp; [&hellip;]<\/p>\n","protected":false},"author":22,"featured_media":10371,"comment_status":"open","ping_status":"closed","sticky":false,"template":"","format":"standard","meta":{"footnotes":""},"categories":[600],"tags":[589,3616,4271],"class_list":["post-12348","post","type-post","status-publish","format-standard","has-post-thumbnail","hentry","category-economia","tag-economia","tag-guedes","tag-irritacao"],"_links":{"self":[{"href":"https:\/\/blogs.correiobraziliense.com.br\/vicente\/wp-json\/wp\/v2\/posts\/12348","targetHints":{"allow":["GET"]}}],"collection":[{"href":"https:\/\/blogs.correiobraziliense.com.br\/vicente\/wp-json\/wp\/v2\/posts"}],"about":[{"href":"https:\/\/blogs.correiobraziliense.com.br\/vicente\/wp-json\/wp\/v2\/types\/post"}],"author":[{"embeddable":true,"href":"https:\/\/blogs.correiobraziliense.com.br\/vicente\/wp-json\/wp\/v2\/users\/22"}],"replies":[{"embeddable":true,"href":"https:\/\/blogs.correiobraziliense.com.br\/vicente\/wp-json\/wp\/v2\/comments?post=12348"}],"version-history":[{"count":1,"href":"https:\/\/blogs.correiobraziliense.com.br\/vicente\/wp-json\/wp\/v2\/posts\/12348\/revisions"}],"predecessor-version":[{"id":12349,"href":"https:\/\/blogs.correiobraziliense.com.br\/vicente\/wp-json\/wp\/v2\/posts\/12348\/revisions\/12349"}],"wp:featuredmedia":[{"embeddable":true,"href":"https:\/\/blogs.correiobraziliense.com.br\/vicente\/wp-json\/wp\/v2\/media\/10371"}],"wp:attachment":[{"href":"https:\/\/blogs.correiobraziliense.com.br\/vicente\/wp-json\/wp\/v2\/media?parent=12348"}],"wp:term":[{"taxonomy":"category","embeddable":true,"href":"https:\/\/blogs.correiobraziliense.com.br\/vicente\/wp-json\/wp\/v2\/categories?post=12348"},{"taxonomy":"post_tag","embeddable":true,"href":"https:\/\/blogs.correiobraziliense.com.br\/vicente\/wp-json\/wp\/v2\/tags?post=12348"}],"curies":[{"name":"wp","href":"https:\/\/api.w.org\/{rel}","templated":true}]}}