{"id":12327,"date":"2019-11-28T18:59:04","date_gmt":"2019-11-28T21:59:04","guid":{"rendered":"https:\/\/blogs.correiobraziliense.com.br\/vicente\/?p=12327"},"modified":"2019-11-28T20:52:30","modified_gmt":"2019-11-28T23:52:30","slug":"revisao-de-dados-da-balanca-comercial-ajuda-a-segurar-alta-do-dolar","status":"publish","type":"post","link":"https:\/\/blogs.correiobraziliense.com.br\/vicente\/revisao-de-dados-da-balanca-comercial-ajuda-a-segurar-alta-do-dolar\/","title":{"rendered":"Revis\u00e3o de dados da balan\u00e7a comercial ajuda a segurar alta do d\u00f3lar"},"content":{"rendered":"<p>ROSANA HESSEL<\/p>\n<p>&nbsp;<\/p>\n<p><span style=\"font-weight: 400\">A revis\u00e3o dos dados da balan\u00e7a comercial anunciada pelo Minist\u00e9rio da Economia ajudou o Banco Central a conter a alta do d\u00f3lar nesta quinta-feira (28\/11), em um dia de feriado de A\u00e7\u00e3o de Gra\u00e7as nos Estados Unidos. A divisa norte-americana encerrou o dia cotada a R$ 4,22 para a venda, registrando queda 1,03% em rela\u00e7\u00e3o \u00e0 v\u00e9spera, quando encerrou com a maior cota\u00e7\u00e3o nominal da hist\u00f3ria, de R$ 4,26.<\/span><\/p>\n<p>&nbsp;<\/p>\n<p>Ap\u00f3s o leil\u00e3o de US$ 1 bilh\u00e3o de reservas, realizado pelo BC hoje, a moeda americana chegou a a cair at\u00e9 R$ 4,23, mas voltou a subir pouco antes do an\u00fancio e estava cotada por volta de R$ 4,25 pouco antes de a Secretaria de Com\u00e9rcio Exterior (Secex), do Minist\u00e9rio da Economia, anunciar a corre\u00e7\u00e3o nos dados de exporta\u00e7\u00f5es, algo pouco trivial no \u00f3rg\u00e3o.<\/p>\n<p>&nbsp;<\/p>\n<p><span style=\"font-weight: 400\">Em fun\u00e7\u00e3o de \u201cproblemas t\u00e9cnicos\u201d na transfer\u00eancia dos n\u00fameros de exporta\u00e7\u00e3o das primeiras quatro semanas de novembro, o valor embarcado foi corrigido em US$ 3,8 bilh\u00f5es, passando de US$\u00a0 US$ 9,7 bilh\u00f5es para US$ 13,5 bilh\u00f5es. Como o valor das importa\u00e7\u00f5es foi mantido em US$ 10,8 bilh\u00f5es, o resultado da balan\u00e7a comercial melhorou. Passou de um deficit de US$ 1,1 bilh\u00e3o divulgado, divulgado na segunda-feira (28\/11), para um superavit de US$ 2,7 bilh\u00f5es. O minist\u00e9rio tamb\u00e9m informou que avalia os n\u00fameros de outubro.<\/span><\/p>\n<p>&nbsp;<\/p>\n<p><span style=\"font-weight: 400\">\u201cEssa revis\u00e3o nos dados da balan\u00e7a foi significativa, porque sinaliza que a desacelera\u00e7\u00e3o das exporta\u00e7\u00f5es est\u00e1 em um ritmo menor do que antes. Contudo, a demanda externa est\u00e1 mais fraca, por conta de uma desacelera\u00e7\u00e3o do com\u00e9rcio global\u201d, destacou a economista-chefe da Rosenberg Associados, Thais Zara. Ela lembrou que, desde o m\u00eas passado, o Banco Central vem realizando leil\u00f5es, trocando contratos de swap cambial pela linha \u00e0 vista. &#8220;A procura por esse tipo de opera\u00e7\u00e3o diminuiu nos \u00faltimos dias, pois h\u00e1 uma procura maior por moeda em esp\u00e9cie pelas empresas neste fim de ano&#8221;, ressaltou.<\/span><\/p>\n<p>&nbsp;<\/p>\n<p>A forte alta do d\u00f3lar nesta semana acabou sendo puxada pela frustra\u00e7\u00e3o do mercado com os dados das exporta\u00e7\u00f5es, que resultou em um aumento no deficit em conta corrente, para mais de US$ 8 bilh\u00f5es em outubro e a sinaliza\u00e7\u00e3o de uma continuidade em novembro devido ao deficit da balan\u00e7a comercial deste m\u00eas desta semana. E, para piorar, as declara\u00e7\u00f5es pol\u00eamicas do ministro da Economia, Paulo Guedes, sobre o c\u00e2mbio, uma prerrogativa do presidente do Banco Central, Roberto Campos Neto, tamb\u00e9m ajudou a aumentar o nervosismo do mercado.<\/p>\n<p>&nbsp;<\/p>\n<p><span style=\"font-weight: 400\">\u201cA revis\u00e3o dos dados da balan\u00e7a foi importante para segurar a alta do d\u00f3lar e ela se somou ao o leil\u00e3o do Banco Central\u201d, explicou o diretor da Mirae Asset, Pablo Spyer. Segundo ele, o fato de ser feriado nas bolsas norte-americanas tamb\u00e9m ajudou a reduzir a tens\u00e3o no mercado interno, apesar das declara\u00e7\u00f5es do presidente dos Estados Unidos, Donald Trump, apoiando as manifesta\u00e7\u00f5es de Hong Kong, que\u00a0 que derrubaram as bolsas internacionais ap\u00f3s China amea\u00e7ar retalia\u00e7\u00e3o.<\/span><\/p>\n","protected":false},"excerpt":{"rendered":"<p>ROSANA HESSEL &nbsp; A revis\u00e3o dos dados da balan\u00e7a comercial anunciada pelo Minist\u00e9rio da Economia ajudou o Banco Central a conter a alta do d\u00f3lar nesta quinta-feira (28\/11), em um dia de feriado de A\u00e7\u00e3o de Gra\u00e7as nos Estados Unidos. A divisa norte-americana encerrou o dia cotada a R$ 4,22 para a venda, registrando queda [&hellip;]<\/p>\n","protected":false},"author":22,"featured_media":0,"comment_status":"open","ping_status":"closed","sticky":false,"template":"","format":"standard","meta":{"footnotes":""},"categories":[600],"tags":[],"class_list":["post-12327","post","type-post","status-publish","format-standard","hentry","category-economia"],"_links":{"self":[{"href":"https:\/\/blogs.correiobraziliense.com.br\/vicente\/wp-json\/wp\/v2\/posts\/12327","targetHints":{"allow":["GET"]}}],"collection":[{"href":"https:\/\/blogs.correiobraziliense.com.br\/vicente\/wp-json\/wp\/v2\/posts"}],"about":[{"href":"https:\/\/blogs.correiobraziliense.com.br\/vicente\/wp-json\/wp\/v2\/types\/post"}],"author":[{"embeddable":true,"href":"https:\/\/blogs.correiobraziliense.com.br\/vicente\/wp-json\/wp\/v2\/users\/22"}],"replies":[{"embeddable":true,"href":"https:\/\/blogs.correiobraziliense.com.br\/vicente\/wp-json\/wp\/v2\/comments?post=12327"}],"version-history":[{"count":4,"href":"https:\/\/blogs.correiobraziliense.com.br\/vicente\/wp-json\/wp\/v2\/posts\/12327\/revisions"}],"predecessor-version":[{"id":12340,"href":"https:\/\/blogs.correiobraziliense.com.br\/vicente\/wp-json\/wp\/v2\/posts\/12327\/revisions\/12340"}],"wp:attachment":[{"href":"https:\/\/blogs.correiobraziliense.com.br\/vicente\/wp-json\/wp\/v2\/media?parent=12327"}],"wp:term":[{"taxonomy":"category","embeddable":true,"href":"https:\/\/blogs.correiobraziliense.com.br\/vicente\/wp-json\/wp\/v2\/categories?post=12327"},{"taxonomy":"post_tag","embeddable":true,"href":"https:\/\/blogs.correiobraziliense.com.br\/vicente\/wp-json\/wp\/v2\/tags?post=12327"}],"curies":[{"name":"wp","href":"https:\/\/api.w.org\/{rel}","templated":true}]}}