{"id":12321,"date":"2019-11-28T18:14:20","date_gmt":"2019-11-28T21:14:20","guid":{"rendered":"https:\/\/blogs.correiobraziliense.com.br\/vicente\/?p=12321"},"modified":"2019-11-28T19:03:24","modified_gmt":"2019-11-28T22:03:24","slug":"nomeacao-na-fundacao-palmares-e-o-comeco-de-uma-devassa-na-cultura-nacional","status":"publish","type":"post","link":"https:\/\/blogs.correiobraziliense.com.br\/vicente\/nomeacao-na-fundacao-palmares-e-o-comeco-de-uma-devassa-na-cultura-nacional\/","title":{"rendered":"Nomea\u00e7\u00e3o na Funda\u00e7\u00e3o Palmares \u00e9 o come\u00e7o de uma devassa na cultura nacional"},"content":{"rendered":"<p>RODOLFO COSTA<\/p>\n<p>&nbsp;<\/p>\n<p>&#8220;Quer as pessoas aceitem ou n\u00e3o, n\u00f3s vamos rachar o que o Brasil entende de cultura.&#8221; A frase vem sendo dita na Secretaria Especial de Cultura sob a gest\u00e3o do novo titular, Roberto Alvim. Com carta branca e anu\u00eancia do presidente Jair Bolsonaro, ele vem reestruturando a pasta ao bel-prazer, negando espa\u00e7os at\u00e9 mesmo a apadrinhados pol\u00edticos do Congresso. Dessas mudan\u00e7as vieram <a href=\"https:\/\/www.correiobraziliense.com.br\/app\/noticia\/politica\/2019\/11\/27\/interna_politica,809699\/presidente-da-fundacao-palmares-nega-racismo-e-pede-fim-do-movimento.shtml\" target=\"_blank\" rel=\"noopener\">a nomea\u00e7\u00e3o de S\u00e9rgio Nascimento de Camargo<\/a> para a Presid\u00eancia da Funda\u00e7\u00e3o Palmares, que classificou a escravid\u00e3o como &#8220;ben\u00e9fica para os descendentes&#8221;.<\/p>\n<p>&nbsp;<\/p>\n<p>A promessa da nova gest\u00e3o na cultura nacional \u00e9\u00a0n\u00e3o mandar mais recursos para movimentos classificados como &#8220;de esquerda&#8221;, a fim de atender somente projetos envolvendo a defesa da fam\u00edlia, da religi\u00e3o ou demais movimentos da direita, dizem t\u00e9cnicos ao <strong>Blog<\/strong>. At\u00e9 ent\u00e3o, a pol\u00edtica cultural vinha sendo gerida com um tom conservador, mas pragm\u00e1tico, com valoriza\u00e7\u00e3o de projetos classificados como importantes para a cultura, fossem de &#8220;esquerda&#8221; ou de &#8220;direita&#8221;. &#8220;Mesmo alguns conv\u00eanios taxados de &#8216;esquerda&#8217; foram prorrogados ap\u00f3s an\u00e1lises internas classificarem as a\u00e7\u00f5es como boas para determinadas comunidades. N\u00e3o havia distin\u00e7\u00e3o pura e gratuita de espectro pol\u00edtico, desde que n\u00e3o fosse algo mais extremo, como incentivo a a\u00e7\u00f5es LGBT ou associadas a drogas e aborto&#8221;, explicou um t\u00e9cnico.<\/p>\n<p>&nbsp;<\/p>\n<p>A pr\u00f3pria indica\u00e7\u00e3o de S\u00e9rgio Camargo para a Funda\u00e7\u00e3o Palmares \u00e9 reflexo da nova faceta da pol\u00edtica cultural. Na Secretaria Especial de Cultura, dizem que ele est\u00e1 associado \u00e0 C\u00fapula Conservadora das Am\u00e9ricas, da qual faz parte Katiane de F\u00e1tima Gouv\u00eaa, que assumir\u00e1 a Secretaria do Audiovisual (SAv). Candidata a deputada federal pelo Paran\u00e1 nas \u00faltimas elei\u00e7\u00f5es pelo PSD, obteve 960 votos, 0,02% dos votos v\u00e1lidos no estado, e n\u00e3o foi eleita. Na pasta, dizem que, junto com Alvim, ela d\u00e1 as cartas e comanda o processo de reestrutura\u00e7\u00e3o. &#8220;Os dois s\u00e3o vistos sempre conversando. \u00c9 dela at\u00e9 o relat\u00f3rio de a\u00e7\u00f5es para extinguir a Ancine&#8221;, comentou outro t\u00e9cnico.<\/p>\n<p>&nbsp;<\/p>\n<h2><strong>Lei Rouanet na mira<\/strong><\/h2>\n<p>&nbsp;<\/p>\n<p>Desde ter\u00e7a-feira, Alvim promoveu ajustes em cinco das seis secretarias da pasta. Em uma delas, a Secretaria de Fomento e Incentivo \u00e0 Cultura (Sefic), subpasta respons\u00e1vel pela aplica\u00e7\u00e3o da Lei Rouanet, foi realizado um remanejamento. O ent\u00e3o titular, Jos\u00e9 Paulo Soares Martins, assumir\u00e1 como adjunto a Secretaria Especial de Cultura, sendo o 02 da pasta. O novo secret\u00e1rio ser\u00e1 Camilo Calandreli.\u00a0Outra mudan\u00e7a interna foi feita na Secretaria de Economia Criativa (SEC). O ent\u00e3o secret\u00e1rio, Cezar Schirmer, foi exonerado, mas voltar\u00e1 ao Minist\u00e9rio da Cidadania, onde assumir\u00e1 a Secretaria de Articula\u00e7\u00e3o e Parcerias da pasta.<\/p>\n<p>&nbsp;<\/p>\n<p>As principais mudan\u00e7as foram feitas n\u00e3o somente SAv, onde assume Katiane Gouv\u00eaa, mas, tamb\u00e9m, na\u00a0Secretaria da Diversidade Cultural (SDC) e na\u00a0Secretaria de Infraestrutura Cultural (Seinfra). Os ent\u00e3o secret\u00e1rios, Ricardo Rihan, Gustavo Amaral e Paulo Nakamura, respectivamente, foram exonerados para dar lugar, respectivamente, a Janicia Ribeiro Silva e Rodrigo Maximiano Junqueira. Presidente da Associa\u00e7\u00e3o Crist\u00e3 de Homens e Mulheres de Neg\u00f3cio, Janicia \u00e9 apontada como integrante da mesma congrega\u00e7\u00e3o evang\u00e9lica da ministra da Mulher, da Fam\u00edlia e dos Direitos Humanos, Damares Alves. &#8220;\u00c9 agora que a cultura vai parar. E logo, logo vem mudan\u00e7as na Funarte (Funda\u00e7\u00e3o Nacional de Artes), no Iphan (Instituto do Patrim\u00f4nio Hist\u00f3rico e Art\u00edstico Nacional) e no Ibram (Instituto Brasileiro de Museus)&#8221;, acusou um t\u00e9cnico.<\/p>\n<p>&nbsp;<\/p>\n","protected":false},"excerpt":{"rendered":"<p>RODOLFO COSTA &nbsp; &#8220;Quer as pessoas aceitem ou n\u00e3o, n\u00f3s vamos rachar o que o Brasil entende de cultura.&#8221; A frase vem sendo dita na Secretaria Especial de Cultura sob a gest\u00e3o do novo titular, Roberto Alvim. Com carta branca e anu\u00eancia do presidente Jair Bolsonaro, ele vem reestruturando a pasta ao bel-prazer, negando espa\u00e7os [&hellip;]<\/p>\n","protected":false},"author":22,"featured_media":12332,"comment_status":"open","ping_status":"closed","sticky":false,"template":"","format":"standard","meta":{"footnotes":""},"categories":[600],"tags":[4266,2554,4267,4263,4264,4265,4262,4259,467,4260,4261,3030,3081,2391],"class_list":["post-12321","post","type-post","status-publish","format-standard","has-post-thumbnail","hentry","category-economia","tag-alvim","tag-bolsonaro","tag-camargo","tag-cultura","tag-escravidao","tag-escravos","tag-especial","tag-funarte","tag-governo","tag-ibram","tag-iphan","tag-roberto","tag-secretaria","tag-sergio"],"_links":{"self":[{"href":"https:\/\/blogs.correiobraziliense.com.br\/vicente\/wp-json\/wp\/v2\/posts\/12321","targetHints":{"allow":["GET"]}}],"collection":[{"href":"https:\/\/blogs.correiobraziliense.com.br\/vicente\/wp-json\/wp\/v2\/posts"}],"about":[{"href":"https:\/\/blogs.correiobraziliense.com.br\/vicente\/wp-json\/wp\/v2\/types\/post"}],"author":[{"embeddable":true,"href":"https:\/\/blogs.correiobraziliense.com.br\/vicente\/wp-json\/wp\/v2\/users\/22"}],"replies":[{"embeddable":true,"href":"https:\/\/blogs.correiobraziliense.com.br\/vicente\/wp-json\/wp\/v2\/comments?post=12321"}],"version-history":[{"count":3,"href":"https:\/\/blogs.correiobraziliense.com.br\/vicente\/wp-json\/wp\/v2\/posts\/12321\/revisions"}],"predecessor-version":[{"id":12334,"href":"https:\/\/blogs.correiobraziliense.com.br\/vicente\/wp-json\/wp\/v2\/posts\/12321\/revisions\/12334"}],"wp:featuredmedia":[{"embeddable":true,"href":"https:\/\/blogs.correiobraziliense.com.br\/vicente\/wp-json\/wp\/v2\/media\/12332"}],"wp:attachment":[{"href":"https:\/\/blogs.correiobraziliense.com.br\/vicente\/wp-json\/wp\/v2\/media?parent=12321"}],"wp:term":[{"taxonomy":"category","embeddable":true,"href":"https:\/\/blogs.correiobraziliense.com.br\/vicente\/wp-json\/wp\/v2\/categories?post=12321"},{"taxonomy":"post_tag","embeddable":true,"href":"https:\/\/blogs.correiobraziliense.com.br\/vicente\/wp-json\/wp\/v2\/tags?post=12321"}],"curies":[{"name":"wp","href":"https:\/\/api.w.org\/{rel}","templated":true}]}}