{"id":12318,"date":"2019-11-28T15:45:13","date_gmt":"2019-11-28T18:45:13","guid":{"rendered":"https:\/\/blogs.correiobraziliense.com.br\/vicente\/?p=12318"},"modified":"2019-11-28T18:01:00","modified_gmt":"2019-11-28T21:01:00","slug":"ministerio-da-economia-corrige-dados-da-balanca-comercial","status":"publish","type":"post","link":"https:\/\/blogs.correiobraziliense.com.br\/vicente\/ministerio-da-economia-corrige-dados-da-balanca-comercial\/","title":{"rendered":"Minist\u00e9rio da Economia corrige dados da balan\u00e7a comercial de novembro"},"content":{"rendered":"<p><span style=\"font-weight: 400\">ROSANA HESSEL<\/span><\/p>\n<p>&nbsp;<\/p>\n<p><span style=\"font-weight: 400\">Um \u201cerro t\u00e9cnico&#8221; na transmiss\u00e3o dos resultados das transa\u00e7\u00f5es comerciais fez a Secretaria de Com\u00e9rcio Exterior do Minist\u00e9rio da Economia divulgar uma nota nesta quinta-feira (28\/11) corrigindo os n\u00fameros das quatro primeiras semanas de novembro. Os dados \u201csofreram altera\u00e7\u00e3o significativa\u201d, passando de US$ 9,681 bilh\u00f5es para US$ 13,498 bilh\u00f5es, segundo a pasta.<\/span><\/p>\n<p>&nbsp;<\/p>\n<p><span style=\"font-weight: 400\">As importa\u00e7\u00f5es foram mantidas em US$ 10,781 bilh\u00f5es, conforme os novos dados divulgados na segunda-feira pela Secex. Com isso, o deficit comercial de US$ 1,099 bilh\u00e3o foi revertido em um superavit de US$ 2,717 bilh\u00f5es. No acumulado do ano, o superavit comercial somou US$ 37,6 bilh\u00f5es.\u00a0<\/span><\/p>\n<p>&nbsp;<\/p>\n<p><span style=\"font-weight: 400\">\u201c\u00c9 importante ressaltar que as informa\u00e7\u00f5es semanais s\u00e3o preliminares e passam por revis\u00f5es naturais ao longo das semanas\u201d, informou o comunicado. No entanto, t\u00e9cnicos reconhecem que esse tipo de mudan\u00e7a nos n\u00fameros n\u00e3o \u00e9 habitual e coincide com uma semana em que o d\u00f3lar disparou por conta de declara\u00e7\u00f5es pol\u00eamicas do ministro da Economia, Paulo Guedes, e com a frustra\u00e7\u00e3o dos dados da balan\u00e7a de pagamentos, que inclui as trocas comerciais e financeiras do pa\u00eds com o resto do mundo.\u00a0<\/span><\/p>\n<p>&nbsp;<\/p>\n<p><span style=\"font-weight: 400\">Na pr\u00f3xima segunda-feira, o resultado consolidado da balan\u00e7a comercial de novembro ser\u00e1 apresentado pelo Minist\u00e9rio da Economia, mas analistas n\u00e3o demonstram entusiasmo com os vendas do pa\u00eds para o mercado externo neste ano. Vale lembrar que, em outubro, as exporta\u00e7\u00f5es somaram US$ 18,2 bilh\u00f5es, registrando queda de 16,7% na compara\u00e7\u00e3o com o mesmo per\u00edodo de 2018. Enquanto isso, as importa\u00e7\u00f5es tiveram alta de 5,7% no m\u00eas passado, somando US$ 17 bilh\u00f5es.\u00a0<\/span><\/p>\n<p>&nbsp;<\/p>\n<p><span style=\"font-weight: 400\">Os dados preliminares da balan\u00e7a comercial neste fim de ano n\u00e3o est\u00e3o nada animadores, de acordo com o presidente da Associa\u00e7\u00e3o de Com\u00e9rcio Exterior do Brasil (AEB), Jos\u00e9 Augusto de Castro. \u201cAs exporta\u00e7\u00f5es de commodities, que representam pouco mais da metade dos embarques nacionais est\u00e3o caindo, tanto em volume quanto em receita, como min\u00e9rio de ferro, petr\u00f3leo, soja, celulose e petr\u00f3leo\u201d, lamentou. Ele lembrou que as vendas de produtos manufaturados para a Argentina, principal destino de ve\u00edculos nacionais, encolheram 50% neste ano, devido \u00e0 crise financeira no pa\u00eds vizinho que vem reduzindo as importa\u00e7\u00f5es drasticamente. E, para piorar, a guerra comercial entre Estados Unidos e China est\u00e1 fazendo o com\u00e9rcio global encolher de forma mais generalizada, caso haja um acordo, poder\u00e1 afetar o Brasil de uma forma mais dura. \u201cSer\u00e3o algo entre US$ 30 bilh\u00f5es a US$ 50 bilh\u00f5es de produtos agr\u00edcolas que o pa\u00eds pode deixar de vender para os chineses se houver prefer\u00eancia pelos EUA\u201d, alertou.<\/span><\/p>\n<p>&nbsp;<\/p>\n<p><b>G20\u00a0<\/b><\/p>\n<p>&nbsp;<\/p>\n<p><span style=\"font-weight: 400\">Levantamento divulgado hoje pela Organiza\u00e7\u00e3o para a Coopera\u00e7\u00e3o e o Desenvolvimento Econ\u00f4mico (OCDE) revela que o com\u00e9rcio internacional de mercadorias dos pa\u00edses do G20, grupo das 19 maiores economias desenvolvidas e emergentes do planeta, mais a Uni\u00e3o Europeia, permanece fraco \u201cem todas as regi\u00f5es\u201d.<\/span> <span style=\"font-weight: 400\">Com base em dados correntes em d\u00f3lar, ajustados sazonalmente, as exporta\u00e7\u00f5es encolheram 0,7% no terceiro trimestre de 2019 em rela\u00e7\u00e3o ao segundo trimestre. Enquanto isso, as importa\u00e7\u00f5es ca\u00edram 0,9%,\u00a0 na mesma base de compara\u00e7\u00e3o, \u201crefletindo <\/span><span style=\"font-weight: 400\">parcialmente uma queda de quase 20% nos pre\u00e7os do petr\u00f3leo e deprecia\u00e7\u00f5es na maioria das principais moedas em rela\u00e7\u00e3o ao d\u00f3lar\u201d.\u00a0<\/span><\/p>\n<p>&nbsp;<\/p>\n<p><span style=\"font-weight: 400\">O estudo da OCDE identificou uma desacelera\u00e7\u00e3o \u201cpronunciada\u201d nos 28 pa\u00edses que fazem parte da Uni\u00e3o Europeia. As exporta\u00e7\u00f5es tiveram contra\u00e7\u00e3o de 1,8% e as importa\u00e7\u00f5es recuaram 0,4% no terceiro trimestre.\u00a0\u00a0<\/span><span style=\"font-weight: 400\">No Brasil, as exporta\u00e7\u00f5es encolheram 3,5% e as importa\u00e7\u00f5es saltaram 15,3% no mesmo per\u00edodo de compara\u00e7\u00e3o. Essa \u00e9 a maior taxa de crescimento entre os integrantes do G20 no terceiro trimestre. Enquanto isso, os embarques da Argentina cresceram 5,1% e as importa\u00e7\u00f5es tiveram queda de 0,9%.<\/span><\/p>\n<p>&nbsp;<\/p>\n<p><span style=\"font-weight: 400\">As exporta\u00e7\u00f5es dos Estados Unidos ca\u00edram marginalmente, 0,2%, enquanto as importa\u00e7\u00f5es ca\u00edram 0,7%, segundo a OCDE. \u201cAs exporta\u00e7\u00f5es dos Estados Unidos para a China permanecem significativamente abaixo dos n\u00edveis observados antes das recentes tens\u00f5es comerciais bilaterais, apesar de uma recupera\u00e7\u00e3o no segundo trimestre (de 1,9%), e as importa\u00e7\u00f5es da China para os Estados Unidos ca\u00edram 2,1%\u201d, informou o estudo.\u00a0<\/span><\/p>\n","protected":false},"excerpt":{"rendered":"<p>ROSANA HESSEL &nbsp; Um \u201cerro t\u00e9cnico&#8221; na transmiss\u00e3o dos resultados das transa\u00e7\u00f5es comerciais fez a Secretaria de Com\u00e9rcio Exterior do Minist\u00e9rio da Economia divulgar uma nota nesta quinta-feira (28\/11) corrigindo os n\u00fameros das quatro primeiras semanas de novembro. Os dados \u201csofreram altera\u00e7\u00e3o significativa\u201d, passando de US$ 9,681 bilh\u00f5es para US$ 13,498 bilh\u00f5es, segundo a pasta. [&hellip;]<\/p>\n","protected":false},"author":22,"featured_media":0,"comment_status":"open","ping_status":"closed","sticky":false,"template":"","format":"standard","meta":{"footnotes":""},"categories":[600],"tags":[497,996,3666,2240],"class_list":["post-12318","post","type-post","status-publish","format-standard","hentry","category-economia","tag-balanca-comercial","tag-g20","tag-ministerio-da-economia","tag-ocde"],"_links":{"self":[{"href":"https:\/\/blogs.correiobraziliense.com.br\/vicente\/wp-json\/wp\/v2\/posts\/12318","targetHints":{"allow":["GET"]}}],"collection":[{"href":"https:\/\/blogs.correiobraziliense.com.br\/vicente\/wp-json\/wp\/v2\/posts"}],"about":[{"href":"https:\/\/blogs.correiobraziliense.com.br\/vicente\/wp-json\/wp\/v2\/types\/post"}],"author":[{"embeddable":true,"href":"https:\/\/blogs.correiobraziliense.com.br\/vicente\/wp-json\/wp\/v2\/users\/22"}],"replies":[{"embeddable":true,"href":"https:\/\/blogs.correiobraziliense.com.br\/vicente\/wp-json\/wp\/v2\/comments?post=12318"}],"version-history":[{"count":3,"href":"https:\/\/blogs.correiobraziliense.com.br\/vicente\/wp-json\/wp\/v2\/posts\/12318\/revisions"}],"predecessor-version":[{"id":12323,"href":"https:\/\/blogs.correiobraziliense.com.br\/vicente\/wp-json\/wp\/v2\/posts\/12318\/revisions\/12323"}],"wp:attachment":[{"href":"https:\/\/blogs.correiobraziliense.com.br\/vicente\/wp-json\/wp\/v2\/media?parent=12318"}],"wp:term":[{"taxonomy":"category","embeddable":true,"href":"https:\/\/blogs.correiobraziliense.com.br\/vicente\/wp-json\/wp\/v2\/categories?post=12318"},{"taxonomy":"post_tag","embeddable":true,"href":"https:\/\/blogs.correiobraziliense.com.br\/vicente\/wp-json\/wp\/v2\/tags?post=12318"}],"curies":[{"name":"wp","href":"https:\/\/api.w.org\/{rel}","templated":true}]}}