{"id":12300,"date":"2019-11-26T11:50:37","date_gmt":"2019-11-26T14:50:37","guid":{"rendered":"https:\/\/blogs.correiobraziliense.com.br\/vicente\/?p=12300"},"modified":"2019-11-26T12:06:39","modified_gmt":"2019-11-26T15:06:39","slug":"dolar-dispara-apos-fala-de-guedes-e-bate-novo-recorde-bc-reage","status":"publish","type":"post","link":"https:\/\/blogs.correiobraziliense.com.br\/vicente\/dolar-dispara-apos-fala-de-guedes-e-bate-novo-recorde-bc-reage\/","title":{"rendered":"D\u00f3lar dispara ap\u00f3s fala de Guedes e bate novo recorde. BC reage"},"content":{"rendered":"<h6><strong>ROSANA HESSEL<\/strong><\/h6>\n<p>Ao afirmar ontem para investidores, em <strong>Washington<\/strong>, que o &#8220;<strong>d\u00f3lar<\/strong> tende a ir para um lugar mais alto&#8221;, o ministro da Economia, <strong>Paulo Guedes<\/strong>, deu o sinal verde para a desvaloriza\u00e7\u00e3o do real frente \u00e0 divisa norte-americana.\u00a0\u00a0Assim que o mercado abriu nesta ter\u00e7a-feira (26\/11), <a href=\"https:\/\/www.correiobraziliense.com.br\/app\/noticia\/economia\/2019\/11\/26\/internas_economia,809187\/dolar-bate-recorde-historico-de-r-4-25-apos-declaracao-de-guedes.shtml\">o d\u00f3lar bateu novo recorde, chegando a subir 1%, negociado a R$ 4,26<\/a>, nova maior cota\u00e7\u00e3o desde o P<strong>lano Real<\/strong>, obrigando o <strong>Banco Central (BC)<\/strong>\u00a0a intervir no c\u00e2mbio.<\/p>\n<p>O BC anunciou hoje novo leil\u00e3o, com lote m\u00ednimo de US$ 1 milh\u00e3o, logo ap\u00f3s a moeda norte-americana atingir novo pico. A assessoria n\u00e3o informou o valor total do leil\u00e3o, mas, poucos minutos depois do an\u00fancio da autoridade monet\u00e1ria, a cota\u00e7\u00e3o da divisa norte-americana tinha passado para R$ 4,24, reduzindo a alta em 0,4%.<\/p>\n<p>Ontem, o Banco Central divulgou dados no saldo em conta-corrente que deixaram mercado preocupado porque a atividade econ\u00f4mica ainda n\u00e3o deu sinais de que saiu da UTI, apenas est\u00e1 respirando um pouquinho melhor sem a ajuda de aparelhos neste ano. O defict nas contas externas chegou a US$ 7,9 bilh\u00f5es em outubro, acima do esperado dos cerca de US$ 6 bilh\u00f5es e o maior desde 2014. No acumulado do ano, chegou a US$ 45,6 bilh\u00f5es no acumulado no ano, o dobro do registrado no mesmo per\u00edodo do ano passado.<\/p>\n<p>Vamos ver como o mercado reage hoje ao longo do dia. \u00c0s 11h32, o \u00cdndice Bovespa, da Bolsa de Valores de S\u00e3o Paulo (B3),\u00a0 recuava 1% e estava em 107.299 pontos.<\/p>\n<h2><strong>Pol\u00eamica\u00a0<\/strong><\/h2>\n<p>Ap\u00f3s evento com investidores na capital dos Estados Unidos, Guedes deu uma entrevista longa a jornalistas e fez declara\u00e7\u00f5es pol\u00eamicas. Em uma delas, <a href=\"https:\/\/www.correiobraziliense.com.br\/app\/noticia\/politica\/2019\/11\/26\/interna_politica,809134\/paulo-guedes-critica-fala-de-lula-nao-se-assustem-se-alguem-pedir-ai-5.shtml\">afirmou que as pessoas n\u00e3o devem ficar assustadas &#8220;se algu\u00e9m pedir o AI-5&#8221; em resposta aos questionamentos sobre protestos contra as reformas tribut\u00e1ria e administrativa<\/a>.\u00a0A fala do superministro do presidente Jair Bolsonaro est\u00e1 repercutindo muito mal hoje entre especialistas e cidad\u00e3os de bem que defendem a democracia no pa\u00eds que, apesar de imperfeita, \u00e9 o melhor regime para um pa\u00eds.<\/p>\n<p>&#8220;N\u00e3o se falta em AI-5 nem contextualizando, nem hipoteticamente, talquei?&#8221;, escreveu a economista Elena Landau, respons\u00e1vel pelas privatiza\u00e7\u00f5es no governo Fernando Henrique Cardoso e fundadora do movimento Livres. Elena Landau \u00e9 uma das convidadas do semin\u00e1rio <em>&#8220;Correio Debate: Desafios para 2020&#8221;<\/em>, que acontece hoje \u00e0 tarde, em Bras\u00edlia, na sede do<br \/>\n<strong>Correio Braziliense<\/strong>. O presidente do Banco Central, <strong>Roberto Campos Neto<\/strong>, encerrar\u00e1 o evento. Veja a<a href=\"https:\/\/www.correiobraziliense.com.br\/correiodebate\/\"> programa\u00e7\u00e3o.<\/a><\/p>\n<p>Vale lembrar que hoje o Conselho de \u00c9tica da C\u00e2mara avalia as declara\u00e7\u00f5es do deputado federal <strong>Eduardo Bolsonaro<\/strong> (PSL-SP) defendendo o ato mais radical da ditadura, que cerceou os direitos dos brasileiros em 1968, abrindo espa\u00e7o para que militares torturassem quem divergisse das opini\u00f5es do governo, principalmente, jornalistas e intelectuais. Muitos morreram naquela \u00e9poca e, at\u00e9 hoje, pais e m\u00e3es de desaparecidos ainda n\u00e3o conseguiram localizar ou enterrar os corpos dos filhos. Que esse cap\u00edtulo obscuro da nossa hist\u00f3ria n\u00e3o se repita.<\/p>\n<p>&nbsp;<\/p>\n<p>&nbsp;<\/p>\n","protected":false},"excerpt":{"rendered":"<p>ROSANA HESSEL Ao afirmar ontem para investidores, em Washington, que o &#8220;d\u00f3lar tende a ir para um lugar mais alto&#8221;, o ministro da Economia, Paulo Guedes, deu o sinal verde para a desvaloriza\u00e7\u00e3o do real frente \u00e0 divisa norte-americana.\u00a0\u00a0Assim que o mercado abriu nesta ter\u00e7a-feira (26\/11), o d\u00f3lar bateu novo recorde, chegando a subir 1%, [&hellip;]<\/p>\n","protected":false},"author":22,"featured_media":12303,"comment_status":"open","ping_status":"closed","sticky":false,"template":"","format":"standard","meta":{"footnotes":""},"categories":[600],"tags":[3,849,343,3613],"class_list":["post-12300","post","type-post","status-publish","format-standard","has-post-thumbnail","hentry","category-economia","tag-banco-central","tag-cambio","tag-dolar","tag-paulo-guedes"],"_links":{"self":[{"href":"https:\/\/blogs.correiobraziliense.com.br\/vicente\/wp-json\/wp\/v2\/posts\/12300","targetHints":{"allow":["GET"]}}],"collection":[{"href":"https:\/\/blogs.correiobraziliense.com.br\/vicente\/wp-json\/wp\/v2\/posts"}],"about":[{"href":"https:\/\/blogs.correiobraziliense.com.br\/vicente\/wp-json\/wp\/v2\/types\/post"}],"author":[{"embeddable":true,"href":"https:\/\/blogs.correiobraziliense.com.br\/vicente\/wp-json\/wp\/v2\/users\/22"}],"replies":[{"embeddable":true,"href":"https:\/\/blogs.correiobraziliense.com.br\/vicente\/wp-json\/wp\/v2\/comments?post=12300"}],"version-history":[{"count":4,"href":"https:\/\/blogs.correiobraziliense.com.br\/vicente\/wp-json\/wp\/v2\/posts\/12300\/revisions"}],"predecessor-version":[{"id":12307,"href":"https:\/\/blogs.correiobraziliense.com.br\/vicente\/wp-json\/wp\/v2\/posts\/12300\/revisions\/12307"}],"wp:featuredmedia":[{"embeddable":true,"href":"https:\/\/blogs.correiobraziliense.com.br\/vicente\/wp-json\/wp\/v2\/media\/12303"}],"wp:attachment":[{"href":"https:\/\/blogs.correiobraziliense.com.br\/vicente\/wp-json\/wp\/v2\/media?parent=12300"}],"wp:term":[{"taxonomy":"category","embeddable":true,"href":"https:\/\/blogs.correiobraziliense.com.br\/vicente\/wp-json\/wp\/v2\/categories?post=12300"},{"taxonomy":"post_tag","embeddable":true,"href":"https:\/\/blogs.correiobraziliense.com.br\/vicente\/wp-json\/wp\/v2\/tags?post=12300"}],"curies":[{"name":"wp","href":"https:\/\/api.w.org\/{rel}","templated":true}]}}