{"id":12274,"date":"2019-11-20T20:56:40","date_gmt":"2019-11-20T23:56:40","guid":{"rendered":"https:\/\/blogs.correiobraziliense.com.br\/vicente\/?p=12274"},"modified":"2019-11-20T21:14:05","modified_gmt":"2019-11-21T00:14:05","slug":"oposicao-sinaliza-apoio-a-caminhoneiros-em-compasso-de-greve","status":"publish","type":"post","link":"https:\/\/blogs.correiobraziliense.com.br\/vicente\/oposicao-sinaliza-apoio-a-caminhoneiros-em-compasso-de-greve\/","title":{"rendered":"Oposi\u00e7\u00e3o sinaliza apoio a caminhoneiros em compasso de greve"},"content":{"rendered":"<p><span style=\"font-weight: 400\">RODOLFO COSTA<\/span><\/p>\n<p>&nbsp;<\/p>\n<p><span style=\"font-weight: 400\">Membros da oposi\u00e7\u00e3o ao governo est\u00e3o apoiando caminhoneiros e deixando seus gabinetes a postos para ampar\u00e1-los em uma poss\u00edvel nova greve, que, se ocorrer, pode voltar a abalar o pa\u00eds e a atividade econ\u00f4mica. No Rio de Janeiro e no Nordeste, sobretudo em Pernambuco, transportadores aut\u00f4nomos est\u00e3o recebendo apoio de parlamentares e ex-parlamentares opositores. Aut\u00f4nomos apontam deputados e senadores de partidos como PT, PCdoB, PSol, PDT e PSB como respons\u00e1veis por induzir a categoria a reivindicar seus direitos, como a revoga\u00e7\u00e3o de uma resolu\u00e7\u00e3o que restabeleceu a vig\u00eancia do popularmente chamado \u201cpiso m\u00ednimo de frete\u201d.\u00a0<\/span><\/p>\n<p>&nbsp;<\/p>\n<p><span style=\"font-weight: 400\">A \u201ctabela\u201d em vigor foi restaurada ap\u00f3s o governo sentenciar sua suspens\u00e3o ao fim de julho. O atual piso, que havia sido amplamente criticado pela categoria, trouxe algumas modifica\u00e7\u00f5es em rela\u00e7\u00e3o \u00e0 reda\u00e7\u00e3o ent\u00e3o publicada. Para caminhoneiros, os ajustes \u201cpioraram o que era ruim\u201d e, com isso, resgataram as amea\u00e7as de uma nova greve que, de acordo com aut\u00f4nomos, est\u00e1 sendo usada pela oposi\u00e7\u00e3o para \u201cincendiar\u201d a classe trabalhadora.\u00a0<\/span><\/p>\n<p>&nbsp;<\/p>\n<p><span style=\"font-weight: 400\">\u201cA esquerda est\u00e1 chegando com for\u00e7a. No Rio de Janeiro mesmo tem caminhoneiro sendo procurado por assessores de senadores, ex-senadores, deputados, enfim, pessoas que podem ajudar. E a\u00ed falam que eles se solidarizam com a categoria e se disp\u00f5em a prestar apoio. Mas o que chega a n\u00f3s \u00e9 que a esquerda quer, na verdade, \u2018tocar o terror\u2019. Est\u00e3o incentivando a parar\u201d, afirma, ao <\/span><b>Blog<\/b><span style=\"font-weight: 400\">, um l\u00edder aut\u00f4nomo. Os gestos de proximidade feitos nos estados v\u00eam do Congresso. Est\u00e3o sendo procurados, sobretudo, caminhoneiros que comparecem a reuni\u00f5es a Bras\u00edlia para cuidar da interlocu\u00e7\u00e3o com o governo por medidas que deem um al\u00edvio \u00e0 classe.\u00a0<\/span><\/p>\n<p>&nbsp;<\/p>\n<p><span style=\"font-weight: 400\">Os transportadores s\u00e3o questionados pelos assessores dos parlamentares da oposi\u00e7\u00e3o se a tabela est\u00e1 sendo cumprida. \u201cE eles sabem que n\u00e3o est\u00e1\u201d, diz um l\u00edder. Os interlocutores dizem a eles que, se a categoria fizer greve, os parlamentares colocar\u00e3o os gabinetes \u00e0 disposi\u00e7\u00e3o para dar total apoio \u00e0 classe trabalhadora. E n\u00e3o \u00e9 a primeira vez que aut\u00f4nomos s\u00e3o procurados pela oposi\u00e7\u00e3o. \u201c\u00c0s vezes eles tentam essa aproxima\u00e7\u00e3o, mas a procura aumentou depois da greve do ano passado\u201d, acrescenta.<\/span><\/p>\n<p>&nbsp;<\/p>\n<p><span style=\"font-weight: 400\">Apesar dos movimentos da oposi\u00e7\u00e3o, os parlamentares s\u00e3o vistos apenas como indutores de uma poss\u00edvel greve. Caminhoneiros admitem que n\u00e3o seriam os congressistas os principais catalisadores. O <\/span><b>Blog <\/b><span style=\"font-weight: 400\">foi inserido no grupo de WhatsApp do Comando Nacional do Transporte, onde se encontram alguns dos principais l\u00edderes da categoria. Nesta quarta-feira (20\/11), v\u00e1rias mensagens de desabafo foram postadas. Entre elas, um \u00e1udio de uma lideran\u00e7a no Nordeste.\u00a0<\/span><\/p>\n<p>&nbsp;<\/p>\n<p><span style=\"font-weight: 400\">\u201cN\u00e3o \u00e9 s\u00f3 voc\u00ea e a mim que a esquerda est\u00e1 procurando. Est\u00e1 procurando gente que gosta de brigar, gente que defende nossa causa, n\u00e3o \u00e9 gente que vai a Bras\u00edlia puxar saco de pol\u00edtico n\u00e3o. Nunca defendi bandeira pol\u00edtica partid\u00e1ria de ningu\u00e9m. N\u00e3o tenho lado. A \u00fanica bandeira que sempre levantei e vou continuar levantando \u00e9 a da nossa categoria, mas j\u00e1 deixei recado a\u00ed tamb\u00e9m. (&#8230;) Ou esse governo nos d\u00e1 resposta at\u00e9 segunda-feira (25\/11), ou vou come\u00e7ar a me reunir com essas pessoas, seja l\u00e1 de onde for, mas com qualquer um que venha a apoiar nossa causa, independentemente do intuito dessas pessoas\u201d, comentou o aut\u00f4nomo.\u00a0<\/span><\/p>\n<p>&nbsp;<\/p>\n<p><b>Indigna\u00e7\u00e3o<\/b><\/p>\n<p><span style=\"font-weight: 400\">O caminhoneiro pede a revoga\u00e7\u00e3o do que chama de \u201ctabela da morte\u201d, o piso m\u00ednimo restabelecido, e o \u201cCiot para todos\u201d, o C\u00f3digo Identificador da Opera\u00e7\u00e3o de Transporte, que, atualmente, se aplica apenas ao aut\u00f4nomo, n\u00e3o \u00e0s empresas. Sem a equipara\u00e7\u00e3o, a Ag\u00eancia Nacional de Transportes Terrestres (ANTT) n\u00e3o consegue fazer a fiscaliza\u00e7\u00e3o adequada das notas emitidas para as cargas transportadas, que, segundo garantem caminhoneiros, o mercado est\u00e1 pagando valores de frete abaixo do piso m\u00ednimo estabelecido pela resolu\u00e7\u00e3o.\u00a0<\/span><\/p>\n<p>&nbsp;<\/p>\n<p><span style=\"font-weight: 400\">Os caminhoneiros est\u00e3o procurando amparo entre deputados e membros do governo. No mesmo grupo em que o <\/span><b>Blog <\/b><span style=\"font-weight: 400\">foi inserido, tamb\u00e9m foram os deputados Major Vitor Hugo (PSL-GO), l\u00edder do Executivo na C\u00e2mara, Carla Zambelli (PSL-SP), vice-l\u00edder do partido na C\u00e2mara, e Ronaldo Santini (PTB-RS). O senador \u00c1lvaro Dias (Podemos-PR), l\u00edder da legenda no Senado, tamb\u00e9m foi adicionado. Pelo governo, foram inseridos os ministros do Gabinete de Seguran\u00e7a Institucional (GSI) da Presid\u00eancia da Rep\u00fablica, respons\u00e1vel pelo gerenciamento de crises de Estado, e da Infraestrutura, Tarc\u00edsio de Freitas, que abandonou o grupo.\u00a0<\/span><\/p>\n<p>&nbsp;<\/p>\n<p><span style=\"font-weight: 400\">O clima \u00e9 de preocupa\u00e7\u00e3o e indigna\u00e7\u00e3o com o atual cen\u00e1rio. Se queixam da falta de demanda e dos baixos valores de fretes pagos no mercado. Por esse motivo, h\u00e1 quem alerte que, diferentemente das outras amea\u00e7as de greve ao longo de 2019, a atual tem um grau de risco maior. \u201cSe vier uma pessoa com influ\u00eancia para mobilizar a categoria, ela faz a greve. Antes, havia uma disposi\u00e7\u00e3o maior dos principais l\u00edderes em segurar uma paralisa\u00e7\u00e3o. Hoje, essa motiva\u00e7\u00e3o est\u00e1 murchando\u201d, comentou um l\u00edder.<\/span><\/p>\n<p>&nbsp;<\/p>\n<p><b>Sobreviv\u00eancia<\/b><\/p>\n<p><span style=\"font-weight: 400\">O caminhoneiro Gustavo \u00c1vila participa das articula\u00e7\u00f5es com o governo e reconhece as dificuldades e as insatisfa\u00e7\u00f5es da categoria. No entanto, ele desconhece os movimentos orquestrados pela oposi\u00e7\u00e3o e n\u00e3o atribui os desabafos dos colegas a uma quest\u00e3o de cen\u00e1rio pol\u00edtico. \u201cN\u00e3o h\u00e1 um movimento de esquerda, centro ou direita para induzir uma paralisa\u00e7\u00e3o. O que h\u00e1 s\u00e3o pedidos para termos condi\u00e7\u00f5es de continuar trabalhando. Tem frete saindo a R$ 45 a tonelada para deixar a mercadoria de Cristalina (GO) a Araguari (MG). Em Luzi\u00e2nia (GO), por exemplo, o \u00f3leo diesel est\u00e1 a R$ 3,83. Eu mesmo estou com o caminh\u00e3o parado h\u00e1 duas semanas porque estava recebendo R$ 1,3 mil para custear despesas de R$ 1,2 mil\u201d, comentou.\u00a0<\/span><\/p>\n<p>&nbsp;<\/p>\n<p><span style=\"font-weight: 400\">As conversas com o governo e a diretoria da ANTT ser\u00e3o mantidas, a fim de encontrar um caminho para solucionar as demandas referentes ao piso m\u00ednimo e o \u201cCiot para todos\u201d. \u201cVamos continuar trabalhando para tentar chegar \u00e0 melhor solu\u00e7\u00e3o. Todos os ensaios de paralisa\u00e7\u00e3o foram contidos porque sabemos dos riscos econ\u00f4micos que uma greve causa. Vemos o governo trabalhando e sabemos dos impactos ao PIB (Produto Interno Bruto (PIB) que uma greve provoca\u201d, destacou Gustavo.<\/span><\/p>\n","protected":false},"excerpt":{"rendered":"<p>RODOLFO COSTA &nbsp; Membros da oposi\u00e7\u00e3o ao governo est\u00e3o apoiando caminhoneiros e deixando seus gabinetes a postos para ampar\u00e1-los em uma poss\u00edvel nova greve, que, se ocorrer, pode voltar a abalar o pa\u00eds e a atividade econ\u00f4mica. No Rio de Janeiro e no Nordeste, sobretudo em Pernambuco, transportadores aut\u00f4nomos est\u00e3o recebendo apoio de parlamentares e [&hellip;]<\/p>\n","protected":false},"author":22,"featured_media":0,"comment_status":"open","ping_status":"closed","sticky":false,"template":"","format":"standard","meta":{"footnotes":""},"categories":[600],"tags":[459,3390,3011,467,347,3954,353],"class_list":["post-12274","post","type-post","status-publish","format-standard","hentry","category-economia","tag-antt","tag-caminhoneiros","tag-esquerda","tag-governo","tag-greve","tag-oposicao","tag-paralisacao"],"_links":{"self":[{"href":"https:\/\/blogs.correiobraziliense.com.br\/vicente\/wp-json\/wp\/v2\/posts\/12274","targetHints":{"allow":["GET"]}}],"collection":[{"href":"https:\/\/blogs.correiobraziliense.com.br\/vicente\/wp-json\/wp\/v2\/posts"}],"about":[{"href":"https:\/\/blogs.correiobraziliense.com.br\/vicente\/wp-json\/wp\/v2\/types\/post"}],"author":[{"embeddable":true,"href":"https:\/\/blogs.correiobraziliense.com.br\/vicente\/wp-json\/wp\/v2\/users\/22"}],"replies":[{"embeddable":true,"href":"https:\/\/blogs.correiobraziliense.com.br\/vicente\/wp-json\/wp\/v2\/comments?post=12274"}],"version-history":[{"count":5,"href":"https:\/\/blogs.correiobraziliense.com.br\/vicente\/wp-json\/wp\/v2\/posts\/12274\/revisions"}],"predecessor-version":[{"id":12279,"href":"https:\/\/blogs.correiobraziliense.com.br\/vicente\/wp-json\/wp\/v2\/posts\/12274\/revisions\/12279"}],"wp:attachment":[{"href":"https:\/\/blogs.correiobraziliense.com.br\/vicente\/wp-json\/wp\/v2\/media?parent=12274"}],"wp:term":[{"taxonomy":"category","embeddable":true,"href":"https:\/\/blogs.correiobraziliense.com.br\/vicente\/wp-json\/wp\/v2\/categories?post=12274"},{"taxonomy":"post_tag","embeddable":true,"href":"https:\/\/blogs.correiobraziliense.com.br\/vicente\/wp-json\/wp\/v2\/tags?post=12274"}],"curies":[{"name":"wp","href":"https:\/\/api.w.org\/{rel}","templated":true}]}}