{"id":12263,"date":"2019-11-19T20:21:39","date_gmt":"2019-11-19T23:21:39","guid":{"rendered":"https:\/\/blogs.correiobraziliense.com.br\/vicente\/?p=12263"},"modified":"2019-11-19T20:41:45","modified_gmt":"2019-11-19T23:41:45","slug":"camara-finaliza-pec-que-acaba-com-o-excesso-de-recursos-e-viabiliza-prisao-em-segunda-instancia","status":"publish","type":"post","link":"https:\/\/blogs.correiobraziliense.com.br\/vicente\/camara-finaliza-pec-que-acaba-com-o-excesso-de-recursos-e-viabiliza-prisao-em-segunda-instancia\/","title":{"rendered":"C\u00e2mara finaliza PEC que acaba com o excesso de recursos e viabiliza pris\u00e3o em segunda inst\u00e2ncia"},"content":{"rendered":"<p><span style=\"font-weight: 400\">RODOLFO COSTA<\/span><\/p>\n<p>&nbsp;<\/p>\n<p><span style=\"font-weight: 400\">Sem acordo para a vota\u00e7\u00e3o da Proposta de Emenda \u00e0 Constitui\u00e7\u00e3o (PEC) 410\/2018, que versa sobre a pris\u00e3o ap\u00f3s condena\u00e7\u00e3o em segunda inst\u00e2ncia, a C\u00e2mara apostar\u00e1 em outra PEC. O <\/span><b>Blog<\/b><span style=\"font-weight: 400\"> obteve acesso \u00e0 minuta da nova Emenda \u00e0 Constitui\u00e7\u00e3o que trata sobre o assunto. O novo texto, que ser\u00e1 apresentado at\u00e9 o fim desta semana, sugere adi\u00e7\u00f5es aos artigos 102 e 105 da Carta Magna, transformando os recursos extraordin\u00e1rio e especial em a\u00e7\u00f5es revisionais de compet\u00eancia origin\u00e1ria do Supremo Tribunal Federal (STF) e do Superior Tribunal de Justi\u00e7a (STJ). O objetivo \u00e9 simples: acabar com o excesso de recursos e, na pr\u00e1tica, garantir a pris\u00e3o ap\u00f3s a condena\u00e7\u00e3o em segunda inst\u00e2ncia.\u00a0<\/span><\/p>\n<p>&nbsp;<\/p>\n<p><span style=\"font-weight: 400\">A PEC 410, do deputado Alex Manente (Cidadania-SP), sugere a altera\u00e7\u00e3o do inciso LVII do art. 5\u00ba da Constitui\u00e7\u00e3o para prever que ningu\u00e9m ser\u00e1 considerado culpado at\u00e9 a confirma\u00e7\u00e3o de senten\u00e7a penal condenat\u00f3ria em grau de recurso. Os partidos de centro e a oposi\u00e7\u00e3o, no entanto, chegaram a um entendimento de que a mat\u00e9ria \u00e9 inconstitucional por ferir o artigo 5\u00ba, cl\u00e1usula p\u00e9trea da Carga Magna, ou seja, n\u00e3o pode ser modificado por Emenda. A leitura \u00e9 de que a nova reda\u00e7\u00e3o, tamb\u00e9m de autoria de Manente, evita o desgaste pol\u00edtico e uma poss\u00edvel derrota no Congresso em caso de encaminhamento de uma A\u00e7\u00e3o Direta de Inconstitucionalidade (ADI), caso fosse aprovada a PEC 410 na Comiss\u00e3o de Constitui\u00e7\u00e3o e Justi\u00e7a (CCJ).\u00a0<\/span><\/p>\n<p>&nbsp;<\/p>\n<p><span style=\"font-weight: 400\">At\u00e9 o in\u00edcio da noite desta ter\u00e7a-feira (19\/11), deputados de centro, como Luis Miranda (DEM-DF) e Marcelo Ramos (PL-AM), vice-l\u00edderes de seus respectivos partidos na C\u00e2mara, trabalhavam para colher as assinaturas. A expectativa \u00e9 protocolar at\u00e9 esta quarta-feira (20). O novo texto estabelece que a a\u00e7\u00e3o revisional extraordin\u00e1ria ser\u00e1 ajuizada contra decis\u00e3o transitada em julgado proferida em \u00fanica ou \u00faltima inst\u00e2ncia em casos espec\u00edficos, como: contrariar dispositivo da Constitui\u00e7\u00e3o; declarar a inconstitucionalidade de tratado ou lei federal; ou julgar v\u00e1lida lei local contestada em face de lei federal. Na a\u00e7\u00e3o revisional extraordin\u00e1ria, o autor dever\u00e1 demonstrar a repercuss\u00e3o geral das quest\u00f5es constitucionais discutidas, a fim de que as Cortes superiores, no caso o STF e o STJ, examinem sua admissibilidade. Ela somente poderia ser recusada por aus\u00eancia de repercuss\u00e3o geral pelo voto de dois ter\u00e7os de seus membros.\u00a0<\/span><\/p>\n<p>&nbsp;<\/p>\n<p><span style=\"font-weight: 400\">A a\u00e7\u00e3o revisional especial tem car\u00e1ter semelhante. Ela ser\u00e1 ajuizada contra decis\u00e3o transitada em julgado proferida em \u00fanica ou \u00faltima inst\u00e2ncia pelos Tribunais Regionais Federais (TRFs), pelos Tribunais de Justi\u00e7a dos Estados (TJs), ou pelo Tribunal de Justi\u00e7a do Distrito Federal e Territ\u00f3rios (TJDFT) que contrariar quest\u00f5es espec\u00edficas, como: tratado ou lei federal; negar-lhes vig\u00eancia; julgar v\u00e1lido ato de governo local contestado em face de lei federal; dar \u00e0 lei federal interpreta\u00e7\u00e3o divergente da que lhe haja atribu\u00eddo outro tribunal.\u00a0<\/span><\/p>\n<p>&nbsp;<\/p>\n<p><span style=\"font-weight: 400\">Semelhante \u00e0 a\u00e7\u00e3o revisional extraordin\u00e1ria, o autor dever\u00e1 demonstrar o interesse geral de quest\u00f5es infraconstitucionais discutidas a fim de que o tribunal examine sua admissibilidade. Ela somente poderia ser recusada por aus\u00eancia de interesse geral ou pelo voto un\u00e2nime do \u00f3rg\u00e3o julgador, \u201cnos termos da legisla\u00e7\u00e3o ordin\u00e1ria\u201d. O entendimento de congressistas \u00e9 de que o sistema judicial \u00e9 muito permissivo com termos recursais especiais e extraordin\u00e1rios, possibilitando um excesso de recursos protelat\u00f3rios que abrem margem para estender o \u201ctr\u00e2nsito em julgado\u201d de uma segunda inst\u00e2ncia ao STF. A ideia com a nova PEC \u00e9 extinguir isso.\u00a0<\/span><\/p>\n<p>&nbsp;<\/p>\n<p><b>Justificativa<\/b><\/p>\n<p><span style=\"font-weight: 400\">Para defender a necessidade da PEC, a C\u00e2mara se baseia no relat\u00f3rio Justi\u00e7a em N\u00fameros, do Conselho Nacional de Justi\u00e7a (CNJ), e no estudo Supremo em N\u00fameros, da Funda\u00e7\u00e3o Get\u00falio Vargas (FGV), que apontam em como as Cortes superiores acabaram se ocupando, \u201cpredominantemente\u201d, com casos \u201ceminentemente recursais\u201d. \u201cOs quais correspondem a 89,4% de suas cargas de trabalho\u201d, informa um trecho, atribu\u00eddo ao relat\u00f3rio do CNJ. \u201cSitua\u00e7\u00e3o certamente preocupante, que impede o desenvolvimento das atividades que caracterizam as fun\u00e7\u00f5es institucionais e estruturais dos referidos tribunais\u201d, destaca outro trecho.<\/span><\/p>\n<p>&nbsp;<\/p>\n<p><span style=\"font-weight: 400\">A exposi\u00e7\u00e3o de motivos da PEC sustenta, ainda, que, desde 1988, o STF tratou, em todos os julgamentos, de apenas 0,51% de a\u00e7\u00f5es propriamente constitucionais, \u201cde controle concentrado de constitucionalidade\u201d, conforme dado do relat\u00f3rio da FGV. \u201cAs a\u00e7\u00f5es recursais, por seu v\u00e9rtice, consumiram 91,69% do total das estat\u00edsticas\u201d, acrescenta. A reda\u00e7\u00e3o sustenta, ainda, que o o \u00edndice de recorribilidade interna em Cortes superiores manteve patamares elevados, \u201ccontando, ao fim da s\u00e9rie hist\u00f3rica, com taxa de 25,6%\u201d. \u201cParticularmente alarmante \u00e9 o fato de que o STJ conta com taxa de recorribilidade superior \u00e0 m\u00e9dia da maioria dos demais tribunais superiores, com exce\u00e7\u00e3o do TSE, em percentagem de 27,5%\u201d, sustenta.<\/span><\/p>\n","protected":false},"excerpt":{"rendered":"<p>RODOLFO COSTA &nbsp; Sem acordo para a vota\u00e7\u00e3o da Proposta de Emenda \u00e0 Constitui\u00e7\u00e3o (PEC) 410\/2018, que versa sobre a pris\u00e3o ap\u00f3s condena\u00e7\u00e3o em segunda inst\u00e2ncia, a C\u00e2mara apostar\u00e1 em outra PEC. O Blog obteve acesso \u00e0 minuta da nova Emenda \u00e0 Constitui\u00e7\u00e3o que trata sobre o assunto. O novo texto, que ser\u00e1 apresentado at\u00e9 [&hellip;]<\/p>\n","protected":false},"author":22,"featured_media":0,"comment_status":"open","ping_status":"closed","sticky":false,"template":"","format":"standard","meta":{"footnotes":""},"categories":[600],"tags":[134,254,4247,3087,351,3238,3086,192],"class_list":["post-12263","post","type-post","status-publish","format-standard","hentry","category-economia","tag-camara","tag-congresso","tag-excesso","tag-instancia","tag-prisao","tag-recursos","tag-segunda","tag-stf"],"_links":{"self":[{"href":"https:\/\/blogs.correiobraziliense.com.br\/vicente\/wp-json\/wp\/v2\/posts\/12263","targetHints":{"allow":["GET"]}}],"collection":[{"href":"https:\/\/blogs.correiobraziliense.com.br\/vicente\/wp-json\/wp\/v2\/posts"}],"about":[{"href":"https:\/\/blogs.correiobraziliense.com.br\/vicente\/wp-json\/wp\/v2\/types\/post"}],"author":[{"embeddable":true,"href":"https:\/\/blogs.correiobraziliense.com.br\/vicente\/wp-json\/wp\/v2\/users\/22"}],"replies":[{"embeddable":true,"href":"https:\/\/blogs.correiobraziliense.com.br\/vicente\/wp-json\/wp\/v2\/comments?post=12263"}],"version-history":[{"count":5,"href":"https:\/\/blogs.correiobraziliense.com.br\/vicente\/wp-json\/wp\/v2\/posts\/12263\/revisions"}],"predecessor-version":[{"id":12268,"href":"https:\/\/blogs.correiobraziliense.com.br\/vicente\/wp-json\/wp\/v2\/posts\/12263\/revisions\/12268"}],"wp:attachment":[{"href":"https:\/\/blogs.correiobraziliense.com.br\/vicente\/wp-json\/wp\/v2\/media?parent=12263"}],"wp:term":[{"taxonomy":"category","embeddable":true,"href":"https:\/\/blogs.correiobraziliense.com.br\/vicente\/wp-json\/wp\/v2\/categories?post=12263"},{"taxonomy":"post_tag","embeddable":true,"href":"https:\/\/blogs.correiobraziliense.com.br\/vicente\/wp-json\/wp\/v2\/tags?post=12263"}],"curies":[{"name":"wp","href":"https:\/\/api.w.org\/{rel}","templated":true}]}}