{"id":12252,"date":"2019-11-18T17:58:38","date_gmt":"2019-11-18T20:58:38","guid":{"rendered":"https:\/\/blogs.correiobraziliense.com.br\/vicente\/?p=12252"},"modified":"2019-11-18T21:03:50","modified_gmt":"2019-11-19T00:03:50","slug":"cassi-do-banco-do-brasil-faz-ultima-tentativa-para-nao-quebrar","status":"publish","type":"post","link":"https:\/\/blogs.correiobraziliense.com.br\/vicente\/cassi-do-banco-do-brasil-faz-ultima-tentativa-para-nao-quebrar\/","title":{"rendered":"Cassi, do Banco do Brasil, faz \u00faltima tentativa para n\u00e3o quebrar"},"content":{"rendered":"<h2>A Cassi, operadora dos planos de sa\u00fade dos funcion\u00e1rios do Banco do Brasil, d\u00e1 sua \u00faltima cartada para n\u00e3o quebrar. Nesta segunda-feira, 18 de novembro, come\u00e7ou a terceira e derradeira vota\u00e7\u00e3o para que seus associados aprovem um programa de recupera\u00e7\u00e3o que evite a fal\u00eancia ou a venda da carteira do conv\u00eanio, com cerca de 670 mil vidas.<\/h2>\n<p>&nbsp;<\/p>\n<p>\u00c9 preciso a concord\u00e2ncia de pelo menos dois ter\u00e7os dos associados, o que n\u00e3o ocorreu nas duas vota\u00e7\u00f5es anteriores. Os conveniados poder\u00e3o se manifestar at\u00e9 28 de novembro. Antes, por\u00e9m, em 22 de novembro, a Cassi ter\u00e1 que prestar contas \u00e0 Ag\u00eancia Nacional de Sa\u00fade Suplementar (ANS) de sua real situa\u00e7\u00e3o financeira e o que est\u00e1 fazendo para resolver os problemas.<\/p>\n<p>&nbsp;<\/p>\n<p>De imediato, a Cassi precisa de mais de R$ 900 milh\u00f5es para cumprir todas as determina\u00e7\u00f5es da ANS. Esse valor deve ser rateado entre o Banco do Brasil e os associados ao plano. A operadora registra rombos no caixa h\u00e1 sete anos seguidos. Com isso, foi consumindo as reservas t\u00e9cnicas exigidas pela ag\u00eancia respons\u00e1vel pela regula\u00e7\u00e3o e fiscaliza\u00e7\u00e3o do setor.<\/p>\n<p>&nbsp;<\/p>\n<p>A proposta colocada em vota\u00e7\u00e3o mant\u00e9m os atuais percentuais de contribui\u00e7\u00e3o dos funcion\u00e1rios (4% do sal\u00e1rio) e do BB (4,5%) e introduz a cobran\u00e7a por dependentes: mais 1% de contribui\u00e7\u00e3o para quem tem um dependente, 0,5% para o segundo e 0,25% a partir do terceiro dependente, limitando a contribui\u00e7\u00e3o total do funcion\u00e1rio a 7,5% do seu sal\u00e1rio. O BB tamb\u00e9m contribuir\u00e1 para o pagamento dos dependentes.<\/p>\n<p>&nbsp;<\/p>\n<p><strong>Custeio<\/strong><\/p>\n<p>&nbsp;<\/p>\n<p>Pelos c\u00e1lculos da Cassi, se\u00a0aprovada, a proposta garantir\u00e1 a entrada imediata, em dezembro, de mais de R$ 600 milh\u00f5es no caixa da operadora. Deste total, R$ 588,1 milh\u00f5es ser\u00e3o repassados pelo Banco do Brasil. A institui\u00e7\u00e3o assumiu o compromisso de pagar, de forma retroativa, como se o novo modelo de custeio estivesse valendo desde janeiro de 2019. J\u00e1 os associados, contribuir\u00e3o somente a partir de dezembro, totalizando R$ 24,9 milh\u00f5es.<\/p>\n<p>&nbsp;<\/p>\n<p>O Banco do Brasil concordou, tamb\u00e9m, em repassar \u00e0 Cassi R$ 450,9 milh\u00f5es referente ao Grupo de Dependentes Indiretos (GDI). Esse valor est\u00e1 provisionado no balan\u00e7o do BB. Garante o\u00a0 ressarcimento de eventual preju\u00edzo da operadora decorrente da utiliza\u00e7\u00e3o do plano por cerca de 2 mil benefici\u00e1rios que perderam a condi\u00e7\u00e3o de dependentes ap\u00f3s a mudan\u00e7a estatut\u00e1ria de 1996 (pais, ex-c\u00f4njuges, etc).<\/p>\n<p>&nbsp;<\/p>\n<p>Somados os R$ 588 milh\u00f5es em aumento de contribui\u00e7\u00e3o do BB e os R$ 450 milh\u00f5es do GDI, chega-se a um valor superior a R$ 1 bilh\u00e3o em repasses \u00e0 Cassi. Ou seja, h\u00e1 solu\u00e7\u00e3o \u00e0 vista, mas \u00e9 preciso que a maioria dos associados \u00e0 Cassi aprove o plano de recupera\u00e7\u00e3o.<\/p>\n<p>&nbsp;<\/p>\n<p>A ANS, que decretou dire\u00e7\u00e3o fiscal na Cassi em julho deste ano, deve esperar pelo resultado da vota\u00e7\u00e3o, que acaba em 28 de novembro. N\u00e3o vai se precipitar em tomar uma decis\u00e3o relacionada \u00e0 operadora, embora o prazo para isso isso seja dia 22 deste m\u00eas, at\u00e9 ter a certeza da real situa\u00e7\u00e3o do plano de sa\u00fade dos empregados do BB.<\/p>\n<p>&nbsp;<\/p>\n<p><em>Bras\u00edlia, 17h58min<\/em><\/p>\n","protected":false},"excerpt":{"rendered":"<p>A Cassi, operadora dos planos de sa\u00fade dos funcion\u00e1rios do Banco do Brasil, d\u00e1 sua \u00faltima cartada para n\u00e3o quebrar. Nesta segunda-feira, 18 de novembro, come\u00e7ou a terceira e derradeira vota\u00e7\u00e3o para que seus associados aprovem um programa de recupera\u00e7\u00e3o que evite a fal\u00eancia ou a venda da carteira do conv\u00eanio, com cerca de 670 [&hellip;]<\/p>\n","protected":false},"author":22,"featured_media":11451,"comment_status":"open","ping_status":"closed","sticky":false,"template":"","format":"standard","meta":{"footnotes":""},"categories":[600],"tags":[711,229,1876,4244,215,556],"class_list":["post-12252","post","type-post","status-publish","format-standard","has-post-thumbnail","hentry","category-economia","tag-ans","tag-banco-do-brasil","tag-cassi","tag-cotacao","tag-planos-de-saude","tag-quebra"],"_links":{"self":[{"href":"https:\/\/blogs.correiobraziliense.com.br\/vicente\/wp-json\/wp\/v2\/posts\/12252","targetHints":{"allow":["GET"]}}],"collection":[{"href":"https:\/\/blogs.correiobraziliense.com.br\/vicente\/wp-json\/wp\/v2\/posts"}],"about":[{"href":"https:\/\/blogs.correiobraziliense.com.br\/vicente\/wp-json\/wp\/v2\/types\/post"}],"author":[{"embeddable":true,"href":"https:\/\/blogs.correiobraziliense.com.br\/vicente\/wp-json\/wp\/v2\/users\/22"}],"replies":[{"embeddable":true,"href":"https:\/\/blogs.correiobraziliense.com.br\/vicente\/wp-json\/wp\/v2\/comments?post=12252"}],"version-history":[{"count":1,"href":"https:\/\/blogs.correiobraziliense.com.br\/vicente\/wp-json\/wp\/v2\/posts\/12252\/revisions"}],"predecessor-version":[{"id":12253,"href":"https:\/\/blogs.correiobraziliense.com.br\/vicente\/wp-json\/wp\/v2\/posts\/12252\/revisions\/12253"}],"wp:featuredmedia":[{"embeddable":true,"href":"https:\/\/blogs.correiobraziliense.com.br\/vicente\/wp-json\/wp\/v2\/media\/11451"}],"wp:attachment":[{"href":"https:\/\/blogs.correiobraziliense.com.br\/vicente\/wp-json\/wp\/v2\/media?parent=12252"}],"wp:term":[{"taxonomy":"category","embeddable":true,"href":"https:\/\/blogs.correiobraziliense.com.br\/vicente\/wp-json\/wp\/v2\/categories?post=12252"},{"taxonomy":"post_tag","embeddable":true,"href":"https:\/\/blogs.correiobraziliense.com.br\/vicente\/wp-json\/wp\/v2\/tags?post=12252"}],"curies":[{"name":"wp","href":"https:\/\/api.w.org\/{rel}","templated":true}]}}