{"id":1224,"date":"2016-06-03T12:30:10","date_gmt":"2016-06-03T15:30:10","guid":{"rendered":"https:\/\/blogs.correiobraziliense.com.br\/vicente\/?p=1224"},"modified":"2016-06-03T13:05:50","modified_gmt":"2016-06-03T16:05:50","slug":"godoy-teria-saido-da-fazenda-por-discordar-de-reajuste-de-servidores","status":"publish","type":"post","link":"https:\/\/blogs.correiobraziliense.com.br\/vicente\/godoy-teria-saido-da-fazenda-por-discordar-de-reajuste-de-servidores\/","title":{"rendered":"Godoy teria sa\u00eddo da Fazenda por discordar de reajuste de servidores"},"content":{"rendered":"<p>POR ROSANA HESSEL<\/p>\n<p>&nbsp;<\/p>\n<p>Fontes do Minist\u00e9rio da Fazenda garantem que o reajuste nos sal\u00e1rios de servidores, que custar\u00e1 at\u00e9 R$ 58 bilh\u00f5es em quatro anos, estaria por tr\u00e1s da sa\u00edda de Tarc\u00edsio Godoy da secretaria executiva da pasta. Ele havia tomado posse h\u00e1 tr\u00eas semanas e \u00e9 a primeira baixa na equipe de Henrique Meirelles.<\/p>\n<p>&nbsp;<\/p>\n<p>Oficialmente, por\u00e9m, a Fazenda garante que a troca de Godoy por Eduardo Guardia, ex-secret\u00e1rio do Tesouro Nacional, faz parte da &#8220;composi\u00e7\u00e3o quase final&#8221; da equipe de Meirelles. A garantia \u00e9 de que Godoy ocupar\u00e1 um bom cargo dentro do governo, mas ainda falta &#8220;uma costura&#8221; para anunciar a nova fun\u00e7\u00e3o. &#8220;Decis\u00e3o foi tomada em comum acordo&#8221;, garante t\u00e9cnico ligado a Meirelles.<\/p>\n<p>&nbsp;<\/p>\n<p><em>Bras\u00edlia, 12h30min<\/em><\/p>\n","protected":false},"excerpt":{"rendered":"<p>POR ROSANA HESSEL &nbsp; Fontes do Minist\u00e9rio da Fazenda garantem que o reajuste nos sal\u00e1rios de servidores, que custar\u00e1 at\u00e9 R$ 58 bilh\u00f5es em quatro anos, estaria por tr\u00e1s da sa\u00edda de Tarc\u00edsio Godoy da secretaria executiva da pasta. Ele havia tomado posse h\u00e1 tr\u00eas semanas e \u00e9 a primeira baixa na equipe de Henrique [&hellip;]<\/p>\n","protected":false},"author":22,"featured_media":0,"comment_status":"open","ping_status":"closed","sticky":false,"template":"","format":"standard","meta":{"footnotes":""},"categories":[1],"tags":[],"class_list":["post-1224","post","type-post","status-publish","format-standard","hentry","category-sem-categoria"],"_links":{"self":[{"href":"https:\/\/blogs.correiobraziliense.com.br\/vicente\/wp-json\/wp\/v2\/posts\/1224","targetHints":{"allow":["GET"]}}],"collection":[{"href":"https:\/\/blogs.correiobraziliense.com.br\/vicente\/wp-json\/wp\/v2\/posts"}],"about":[{"href":"https:\/\/blogs.correiobraziliense.com.br\/vicente\/wp-json\/wp\/v2\/types\/post"}],"author":[{"embeddable":true,"href":"https:\/\/blogs.correiobraziliense.com.br\/vicente\/wp-json\/wp\/v2\/users\/22"}],"replies":[{"embeddable":true,"href":"https:\/\/blogs.correiobraziliense.com.br\/vicente\/wp-json\/wp\/v2\/comments?post=1224"}],"version-history":[{"count":3,"href":"https:\/\/blogs.correiobraziliense.com.br\/vicente\/wp-json\/wp\/v2\/posts\/1224\/revisions"}],"predecessor-version":[{"id":1227,"href":"https:\/\/blogs.correiobraziliense.com.br\/vicente\/wp-json\/wp\/v2\/posts\/1224\/revisions\/1227"}],"wp:attachment":[{"href":"https:\/\/blogs.correiobraziliense.com.br\/vicente\/wp-json\/wp\/v2\/media?parent=1224"}],"wp:term":[{"taxonomy":"category","embeddable":true,"href":"https:\/\/blogs.correiobraziliense.com.br\/vicente\/wp-json\/wp\/v2\/categories?post=1224"},{"taxonomy":"post_tag","embeddable":true,"href":"https:\/\/blogs.correiobraziliense.com.br\/vicente\/wp-json\/wp\/v2\/tags?post=1224"}],"curies":[{"name":"wp","href":"https:\/\/api.w.org\/{rel}","templated":true}]}}